{"id":722,"date":"2026-04-07T10:22:00","date_gmt":"2026-04-07T08:22:00","guid":{"rendered":"https:\/\/www.pbformation.fr\/bernosbeaulacpourtous\/?p=722"},"modified":"2026-04-07T10:22:03","modified_gmt":"2026-04-07T08:22:03","slug":"compte-rendu-du-conseil-municipal-du-27-mars-2026","status":"publish","type":"post","link":"https:\/\/www.pbformation.fr\/bernosbeaulacpourtous\/2026\/04\/07\/compte-rendu-du-conseil-municipal-du-27-mars-2026\/","title":{"rendered":"Compte rendu du conseil municipal du 27 mars 2026"},"content":{"rendered":"\n<h1 class=\"wp-block-heading\">Ordre du jour<\/h1>\n\n\n\n<ul class=\"wp-block-list\">\n<li><strong>Approbation du proc\u00e8s-verbal du dernier conseil municipal<\/strong><\/li>\n\n\n\n<li><strong>D\u00e9lib\u00e9ration sur la d\u00e9l\u00e9gation de comp\u00e9tences au maire<\/strong> <\/li>\n\n\n\n<li><strong>Information sur les d\u00e9l\u00e9gations des adjoints et conseillers d\u00e9l\u00e9gu\u00e9s<\/strong> <\/li>\n\n\n\n<li><strong>Fixation des indemnit\u00e9s des \u00e9lus<\/strong><\/li>\n\n\n\n<li><strong>Questions diverses<\/strong><\/li>\n<\/ul>\n\n\n\n<h1 class=\"wp-block-heading\">Th\u00e8mes abord\u00e9s<\/h1>\n\n\n\n<p><strong>Approbation du proc\u00e8s-verbal du dernier conseil municipal <\/strong><br>Le maire a soumis au vote l&rsquo;approbation du proc\u00e8s-verbal du conseil municipal pr\u00e9c\u00e9dent. Le document a \u00e9t\u00e9 approuv\u00e9 \u00e0 l&rsquo;unanimit\u00e9 sans opposition ni abstention.<\/p>\n\n\n\n<p><strong>D\u00e9lib\u00e9ration sur la d\u00e9l\u00e9gation de comp\u00e9tences au maire<\/strong> <br>Le conseil a d\u00e9lib\u00e9r\u00e9 sur la d\u00e9l\u00e9gation de neuf comp\u00e9tences au maire, incluant la r\u00e9alisation d&#8217;emprunts, la passation de march\u00e9s publics (travaux &lt;25 000\u20ac HT, fournitures &lt;15 000\u20ac HT, services &lt;10 000\u20ac HT), les contrats d&rsquo;assurance, la cr\u00e9ation de r\u00e9gies, les concessions de cimeti\u00e8re, l&rsquo;acceptation de dons, l&rsquo;ali\u00e9nation de biens jusqu&rsquo;\u00e0 4 600\u20ac, la fixation des honoraires professionnels et les actions en justice. La d\u00e9lib\u00e9ration a \u00e9t\u00e9 adopt\u00e9e \u00e0 l&rsquo;unanimit\u00e9. Le maire s&rsquo;est engag\u00e9 \u00e0 rendre compte de l&rsquo;utilisation de ces d\u00e9l\u00e9gations lors de chaque r\u00e9union obligatoire du conseil.<\/p>\n\n\n\n<p><strong>Information sur les d\u00e9l\u00e9gations des adjoints et conseillers d\u00e9l\u00e9gu\u00e9s<\/strong> <br>Le maire a pr\u00e9sent\u00e9 la r\u00e9partition des d\u00e9l\u00e9gations entre deux adjoints et quatre conseillers municipaux d\u00e9l\u00e9gu\u00e9s. Didier Rosec (1er adjoint) est en charge des affaires g\u00e9n\u00e9rales, solidarit\u00e9 et tranquillit\u00e9 publique. Alexandra Turani (2\u00e8me adjointe) g\u00e8re la vie associative, culture, animation, \u00e9ducation et jeunesse. Les quatre conseillers d\u00e9l\u00e9gu\u00e9s sont : Patrick Besse (gestion durable des ressources), Laurent Ossilou (finances et urbanisme), Christelle Fleutaux (communication et d\u00e9mocratie participative) et Quentin Labat (transition \u00e9cologique et am\u00e9nagement). Aucune question n&rsquo;a \u00e9t\u00e9 pos\u00e9e.<\/p>\n\n\n\n<p><strong>Fixation des indemnit\u00e9s des \u00e9lus<\/strong> <br>Le maire a propos\u00e9 une r\u00e9partition de l&rsquo;enveloppe totale de 5 804,88\u20ac bas\u00e9e sur les crit\u00e8res de responsabilit\u00e9 et de disponibilit\u00e9 : 1 500\u20ac pour le maire, 1 200\u20ac pour le premier adjoint (temps plein), 880\u20ac pour la deuxi\u00e8me adjointe (mi-temps) et 556,22\u20ac pour chacun des quatre conseillers d\u00e9l\u00e9gu\u00e9s. Un conseiller de l&rsquo;opposition (Pascal BERNARD) a critiqu\u00e9 cette augmentation \u00e0 70 000\u20ac annuels contre 50 000\u20ac lors de la mandature pr\u00e9c\u00e9dente, soulignant une contradiction avec les critiques pass\u00e9es et les engagements de campagne. Il a \u00e9galement questionn\u00e9 le respect des plafonds r\u00e9glementaires pour les conseillers d\u00e9l\u00e9gu\u00e9s. <\/p>\n\n\n\n<p>Le maire a maintenu sa proposition en justifiant la r\u00e9partition par les crit\u00e8res de responsabilit\u00e9 et de disponibilit\u00e9. La d\u00e9lib\u00e9ration a \u00e9t\u00e9 adopt\u00e9e malgr\u00e9 deux votes contre. Aucune modification n&rsquo;a \u00e9t\u00e9 apport\u00e9e suite aux objections.<\/p>\n\n\n\n<p><strong>Vote de l&rsquo;opposition concernant les indemnit\u00e9s<\/strong><\/p>\n\n\n\n<p>L&rsquo;opposition a vot\u00e9 avec deux votes contre, Pascal BERNARD et Fran\u00e7ois AUDIGNON. <\/p>\n\n\n\n<p><em>Pascale LARTIGUE s&rsquo;est abstenue.<\/em><br><\/p>\n\n\n\n<p><strong>Questions diverses<\/strong><br>Aucune question diverse n&rsquo;a \u00e9t\u00e9 soulev\u00e9e par les membres du conseil. La s\u00e9ance a \u00e9t\u00e9 cl\u00f4tur\u00e9e.<\/p>\n\n\n\n<p><\/p>\n","protected":false},"excerpt":{"rendered":"<p>Ordre du jour Th\u00e8mes abord\u00e9s Approbation du proc\u00e8s-verbal du dernier conseil municipal Le maire a soumis au vote l&rsquo;approbation du proc\u00e8s-verbal du conseil municipal pr\u00e9c\u00e9dent. Le document a \u00e9t\u00e9 approuv\u00e9 \u00e0 l&rsquo;unanimit\u00e9 sans opposition ni abstention. D\u00e9lib\u00e9ration sur la d\u00e9l\u00e9gation de comp\u00e9tences au maire Le conseil a d\u00e9lib\u00e9r\u00e9 sur la [&hellip;]<\/p>\n","protected":false},"author":1,"featured_media":723,"comment_status":"closed","ping_status":"open","sticky":false,"template":"","format":"standard","meta":{"_themeisle_gutenberg_block_has_review":false,"footnotes":"","jetpack_publicize_message":"","jetpack_publicize_feature_enabled":true,"jetpack_social_post_already_shared":true,"jetpack_social_options":{"image_generator_settings":{"template":"highway","default_image_id":0,"font":"","enabled":false},"version":2}},"categories":[11,38],"tags":[],"class_list":["post-722","post","type-post","status-publish","format-standard","has-post-thumbnail","hentry","category-_pageprincipale","category-crcm"],"gutentor_comment":1,"jetpack_publicize_connections":[],"_links":{"self":[{"href":"https:\/\/www.pbformation.fr\/bernosbeaulacpourtous\/wp-json\/wp\/v2\/posts\/722","targetHints":{"allow":["GET"]}}],"collection":[{"href":"https:\/\/www.pbformation.fr\/bernosbeaulacpourtous\/wp-json\/wp\/v2\/posts"}],"about":[{"href":"https:\/\/www.pbformation.fr\/bernosbeaulacpourtous\/wp-json\/wp\/v2\/types\/post"}],"author":[{"embeddable":true,"href":"https:\/\/www.pbformation.fr\/bernosbeaulacpourtous\/wp-json\/wp\/v2\/users\/1"}],"replies":[{"embeddable":true,"href":"https:\/\/www.pbformation.fr\/bernosbeaulacpourtous\/wp-json\/wp\/v2\/comments?post=722"}],"version-history":[{"count":1,"href":"https:\/\/www.pbformation.fr\/bernosbeaulacpourtous\/wp-json\/wp\/v2\/posts\/722\/revisions"}],"predecessor-version":[{"id":724,"href":"https:\/\/www.pbformation.fr\/bernosbeaulacpourtous\/wp-json\/wp\/v2\/posts\/722\/revisions\/724"}],"wp:featuredmedia":[{"embeddable":true,"href":"https:\/\/www.pbformation.fr\/bernosbeaulacpourtous\/wp-json\/wp\/v2\/media\/723"}],"wp:attachment":[{"href":"https:\/\/www.pbformation.fr\/bernosbeaulacpourtous\/wp-json\/wp\/v2\/media?parent=722"}],"wp:term":[{"taxonomy":"category","embeddable":true,"href":"https:\/\/www.pbformation.fr\/bernosbeaulacpourtous\/wp-json\/wp\/v2\/categories?post=722"},{"taxonomy":"post_tag","embeddable":true,"href":"https:\/\/www.pbformation.fr\/bernosbeaulacpourtous\/wp-json\/wp\/v2\/tags?post=722"}],"curies":[{"name":"wp","href":"https:\/\/api.w.org\/{rel}","templated":true}]}}