{"id":718,"date":"2026-03-27T11:10:28","date_gmt":"2026-03-27T10:10:28","guid":{"rendered":"https:\/\/www.pbformation.fr\/bernosbeaulacpourtous\/?p=718"},"modified":"2026-03-27T11:15:18","modified_gmt":"2026-03-27T10:15:18","slug":"indeminites-des-elus","status":"publish","type":"post","link":"https:\/\/www.pbformation.fr\/bernosbeaulacpourtous\/2026\/03\/27\/indeminites-des-elus\/","title":{"rendered":"Indeminit\u00e9s des \u00e9lus"},"content":{"rendered":"\n<p>Quelle fut notre surprise en lisant le projet de d\u00e9lib\u00e9ration concernant les indemnit\u00e9s des \u00e9lus de la nouvelle \u00e9quipe. Ca en est presque risible si \u00e7a n&rsquo;\u00e9tait pas d\u00e9j\u00e0 inqui\u00e9tant pour notre commune et contradictoire un plus d&rsquo;un titre.<\/p>\n\n\n\n<p><em>Rappel : Le budget des indemnit\u00e9s des \u00e9lus de la pr\u00e9c\u00e9dente majorit\u00e9 \u00e9taient d&rsquo;environ 50 000 euros par an voire moins, toutes indemnit\u00e9s confondues.<\/em><\/p>\n\n\n\n<div id=\"section-g-qvz8pfm\" class=\"wp-block-gutentor-m12 section-g-qvz8pfm gutentor-module gutentor-module-quote\">\n<section id=\"g-12u8xsu\" class=\"wp-block-gutentor-m3 section-g-12u8xsu gutentor-module gutentor-container-cover\"><div class=\"grid-container\">\n<div id=\"section-g-yt1rsj0\" class=\"wp-block-gutentor-e1 section-g-yt1rsj0 gutentor-element gutentor-element-advanced-text enable-title-design\"><div class=\"gutentor-text-wrap divider-top\"><div class=\"gutentor-separator gutentor-separator-before border-solid\"><\/div><p class=\"gutentor-text\"><strong>Indeminit\u00e9s de la nouvelle majorit\u00e9 : 70 000 euros par an, soit 40% d&rsquo;augmentation.<\/strong><\/p><\/div><\/div>\n<\/div><\/section>\n<\/div>\n\n\n\n<p><\/p>\n\n\n\n<blockquote class=\"wp-block-quote is-layout-flow wp-block-quote-is-layout-flow\">\n<p class=\"has-text-align-center\"><\/p>\n<\/blockquote>\n\n\n\n<p><\/p>\n\n\n\n<div id=\"wp-block-themeisle-blocks-icon-list-66f499dc\" class=\"wp-block-themeisle-blocks-icon-list\">\n<div id=\"wp-block-themeisle-blocks-icon-list-item-b6a08897\" class=\"wp-block-themeisle-blocks-icon-list-item\"><i class=\"fas fa-check wp-block-themeisle-blocks-icon-list-item-icon\"><\/i><p class=\"wp-block-themeisle-blocks-icon-list-item-content\">Contradiction 1 : L&rsquo;ancienne majorit\u00e9 a appauvri la commune (entendu dans lors de la campagne municipale)&#8230;. on en reparlera au moment des budgets, mais si l&rsquo;ancienne majorit\u00e9 avait appauvri la commune, ce que nous pr\u00e9pare la nouvelle n&rsquo;augure rien de bon.<\/p><\/div>\n\n\n\n<div id=\"wp-block-themeisle-blocks-icon-list-item-24f3a49d\" class=\"wp-block-themeisle-blocks-icon-list-item\"><i class=\"fas fa-check wp-block-themeisle-blocks-icon-list-item-icon\"><\/i><p class=\"wp-block-themeisle-blocks-icon-list-item-content\">Contradiction 2 : Jadis, l&rsquo;opposition dont certains sont aux manettes aujourd&rsquo;hui, ne s&rsquo;est pas abstenue \u00e0 de nombreuses reprises de critiquer le montant des indeminit\u00e9s des anciens \u00e9lus, les jugeant trop \u00e9lev\u00e9s.<\/p><\/div>\n<\/div>\n\n\n\n<p>Ce soir, c&rsquo;est le 2e conseil municipal et d\u00e9j\u00e0 les incoh\u00e9rences de cette campagne naus\u00e9abonde et de mensonges apparaissent au grand jour.<\/p>\n\n\n\n<p>Quand les techiniques des grandes villes envahissent nos villages o\u00f9 l&rsquo;on se sentait \u00e9pargn\u00e9s. <\/p>\n","protected":false},"excerpt":{"rendered":"<p>Quelle fut notre surprise en lisant le projet de d\u00e9lib\u00e9ration concernant les indemnit\u00e9s des \u00e9lus de la nouvelle \u00e9quipe. Ca en est presque risible si \u00e7a n&rsquo;\u00e9tait pas d\u00e9j\u00e0 inqui\u00e9tant pour notre commune et contradictoire un plus d&rsquo;un titre. Rappel : Le budget des indemnit\u00e9s des \u00e9lus de la pr\u00e9c\u00e9dente [&hellip;]<\/p>\n","protected":false},"author":1,"featured_media":0,"comment_status":"closed","ping_status":"open","sticky":false,"template":"","format":"standard","meta":{"_themeisle_gutenberg_block_has_review":false,"footnotes":"","jetpack_publicize_message":"","jetpack_publicize_feature_enabled":true,"jetpack_social_post_already_shared":true,"jetpack_social_options":{"image_generator_settings":{"template":"highway","default_image_id":0,"font":"","enabled":false},"version":2}},"categories":[11,1],"tags":[],"class_list":["post-718","post","type-post","status-publish","format-standard","hentry","category-_pageprincipale","category-non-classe"],"gutentor_comment":0,"jetpack_publicize_connections":[],"_links":{"self":[{"href":"https:\/\/www.pbformation.fr\/bernosbeaulacpourtous\/wp-json\/wp\/v2\/posts\/718","targetHints":{"allow":["GET"]}}],"collection":[{"href":"https:\/\/www.pbformation.fr\/bernosbeaulacpourtous\/wp-json\/wp\/v2\/posts"}],"about":[{"href":"https:\/\/www.pbformation.fr\/bernosbeaulacpourtous\/wp-json\/wp\/v2\/types\/post"}],"author":[{"embeddable":true,"href":"https:\/\/www.pbformation.fr\/bernosbeaulacpourtous\/wp-json\/wp\/v2\/users\/1"}],"replies":[{"embeddable":true,"href":"https:\/\/www.pbformation.fr\/bernosbeaulacpourtous\/wp-json\/wp\/v2\/comments?post=718"}],"version-history":[{"count":1,"href":"https:\/\/www.pbformation.fr\/bernosbeaulacpourtous\/wp-json\/wp\/v2\/posts\/718\/revisions"}],"predecessor-version":[{"id":719,"href":"https:\/\/www.pbformation.fr\/bernosbeaulacpourtous\/wp-json\/wp\/v2\/posts\/718\/revisions\/719"}],"wp:attachment":[{"href":"https:\/\/www.pbformation.fr\/bernosbeaulacpourtous\/wp-json\/wp\/v2\/media?parent=718"}],"wp:term":[{"taxonomy":"category","embeddable":true,"href":"https:\/\/www.pbformation.fr\/bernosbeaulacpourtous\/wp-json\/wp\/v2\/categories?post=718"},{"taxonomy":"post_tag","embeddable":true,"href":"https:\/\/www.pbformation.fr\/bernosbeaulacpourtous\/wp-json\/wp\/v2\/tags?post=718"}],"curies":[{"name":"wp","href":"https:\/\/api.w.org\/{rel}","templated":true}]}}