{"id":693,"date":"2026-03-10T20:00:00","date_gmt":"2026-03-10T19:00:00","guid":{"rendered":"https:\/\/www.pbformation.fr\/bernosbeaulacpourtous\/?p=693"},"modified":"2026-03-10T21:10:02","modified_gmt":"2026-03-10T20:10:02","slug":"la-loi-dorientation-des-mobilites","status":"publish","type":"post","link":"https:\/\/www.pbformation.fr\/bernosbeaulacpourtous\/2026\/03\/10\/la-loi-dorientation-des-mobilites\/","title":{"rendered":"La loi d&rsquo;orientation des mobilit\u00e9s (LGV)"},"content":{"rendered":"\n<p>Cette loi de 2019 d\u00e9finit les orientations en mati\u00e8re de mobilit\u00e9. Elle aborde en particulier la ligne LGV qui doit traverser notre commune et les d\u00e9put\u00e9s qui ont vot\u00e9 favorablement.<\/p>\n\n\n\n<p>Vous ne voulez pas tout lire ? allez regarder quand m\u00eame quels sont les d\u00e9put\u00e9s et une des d\u00e9put\u00e9es qui l&rsquo;ont vot\u00e9e, un peu plus bas dans la page.<\/p>\n\n\n\n<section id=\"g-wxb0zwz\" class=\"section-g-wxb0zwz gutentor-module gutentor-module-accordion\"><div class=\"grid-container\">\n<div id=\"g-kl11a90\" class=\"wp-block-gutentor-m6-item section-g-kl11a90 gutentor-module gutentor-module-accordion-item\"><div class=\"gutentor-module-accordion-panel g-a-panel-g-wxb0zwz\"><div class=\"gm-ah-g-wxb0zwz gutentor-module-accordion-item-heading gutentor-module-icon-position-right\"><span class=\"gutentor-module-accordion-panel-handler\" role=\"button\"><span class=\"gutentor-module-accordion-panel-handler-label\"><strong>Objectifs principaux<\/strong><\/span><span class=\"gutentor-module-accordion-icon\"><i class=\"gm-aio-g-wxb0zwz gutentor-module-accordion-icon-open fas fa-plus\"><\/i><i class=\"gm-aic-g-wxb0zwz gutentor-module-accordion-icon-close fas fa-minus\"><\/i><\/span><\/span><\/div><div class=\"gm-ab-g-wxb0zwz gutentor-module-accordion-body\">\n<div id=\"section-g-wi1zz3w\" class=\"wp-block-gutentor-e0 section-g-wi1zz3w gutentor-element gutentor-element-advanced-text\"><div class=\"gutentor-text-wrap\"><p class=\"gutentor-text\">La LOM, promulgu\u00e9e le 24 d\u00e9cembre 2019, vise \u00e0 transformer en profondeur la politique des mobilit\u00e9s en France, avec quatre grands objectifs :<br><strong>R\u00e9duire la d\u00e9pendance \u00e0 la voiture individuelle<\/strong> en d\u00e9veloppant des alternatives (covoiturage, autopartage, transports en commun, mobilit\u00e9s actives).<br><strong>Acc\u00e9l\u00e9rer la transition \u00e9cologique<\/strong> des transports, notamment en favorisant les v\u00e9hicules propres et les mobilit\u00e9s actives (v\u00e9lo, marche).<br><strong>Am\u00e9liorer la qualit\u00e9 de l\u2019air<\/strong> via des zones \u00e0 faibles \u00e9missions et des mesures incitatives pour les v\u00e9hicules peu polluants.<br><strong>Renforcer les comp\u00e9tences des collectivit\u00e9s territoriales<\/strong> pour organiser des services de mobilit\u00e9 adapt\u00e9s \u00e0 chaque territoire<\/p><\/div><\/div>\n<\/div><\/div><\/div>\n\n\n\n<div id=\"g-ihhgkxg\" class=\"wp-block-gutentor-m6-item section-g-ihhgkxg gutentor-module gutentor-module-accordion-item\"><div class=\"gutentor-module-accordion-panel g-a-panel-g-wxb0zwz\"><div class=\"gm-ah-g-wxb0zwz gutentor-module-accordion-item-heading gutentor-module-icon-position-right\"><span class=\"gutentor-module-accordion-panel-handler\" role=\"button\"><span class=\"gutentor-module-accordion-panel-handler-label\">Mesures phares<\/span><span class=\"gutentor-module-accordion-icon\"><i class=\"gm-aio-g-wxb0zwz gutentor-module-accordion-icon-open fas fa-plus\"><\/i><i class=\"gm-aic-g-wxb0zwz gutentor-module-accordion-icon-close fas fa-minus\"><\/i><\/span><\/span><\/div><div class=\"gm-ab-g-wxb0zwz gutentor-module-accordion-body\">\n<div id=\"section-g-155fihx\" class=\"wp-block-gutentor-e0 section-g-155fihx gutentor-element gutentor-element-advanced-text\"><div class=\"gutentor-text-wrap\"><p class=\"gutentor-text\"><strong>Forfait mobilit\u00e9 durable<\/strong> : Jusqu\u2019\u00e0 400 \u20ac\/an pour les salari\u00e9s utilisant le v\u00e9lo ou le covoiturage, exon\u00e9r\u00e9 d\u2019imp\u00f4ts et de cotisations sociales.<br><strong>Zones \u00e0 faibles \u00e9missions (ZFE)<\/strong> : Mise en place dans les m\u00e9tropoles pour limiter la circulation des v\u00e9hicules les plus polluants.<br><strong>Ouverture des donn\u00e9es de mobilit\u00e9<\/strong> : Pour faciliter l\u2019intermodalit\u00e9 et l\u2019information des usagers.<br><strong>Renforcement des pouvoirs des autorit\u00e9s organisatrices de la mobilit\u00e9 (AOM)<\/strong> : Pour r\u00e9guler les nouveaux services (trottinettes, v\u00e9los en libre-service, etc.).<br><strong>Plan v\u00e9lo<\/strong> : D\u00e9veloppement des infrastructures cyclables et incitations financi\u00e8res.<br><strong>Financement des infrastructures<\/strong> : 13,4 milliards d\u2019euros sur cinq ans pour moderniser les r\u00e9seaux routiers, ferroviaires et fluviaux, d\u00e9saturer les n\u0153uds ferroviaires et d\u00e9senclaver les territoires rurauxecologie.gouv.fr+2<\/p><\/div><\/div>\n<\/div><\/div><\/div>\n\n\n\n<div id=\"g-3533y25\" class=\"wp-block-gutentor-m6-item section-g-3533y25 gutentor-module gutentor-module-accordion-item\"><div class=\"gutentor-module-accordion-panel g-a-panel-g-wxb0zwz\"><div class=\"gm-ah-g-wxb0zwz gutentor-module-accordion-item-heading gutentor-module-icon-position-right\"><span class=\"gutentor-module-accordion-panel-handler\" role=\"button\"><span class=\"gutentor-module-accordion-panel-handler-label\">Quid de la LGV Bordeaux\/Toulouse\/Dax ?<\/span><span class=\"gutentor-module-accordion-icon\"><i class=\"gm-aio-g-wxb0zwz gutentor-module-accordion-icon-open fas fa-plus\"><\/i><i class=\"gm-aic-g-wxb0zwz gutentor-module-accordion-icon-close fas fa-minus\"><\/i><\/span><\/span><\/div><div class=\"gm-ab-g-wxb0zwz gutentor-module-accordion-body\">\n<div id=\"section-g-q1njns6\" class=\"wp-block-gutentor-e0 section-g-q1njns6 gutentor-element gutentor-element-advanced-text\"><div class=\"gutentor-text-wrap\"><p class=\"gutentor-text\">La LGV Bordeaux-Toulouse-Dax est un projet d\u2019infrastructure ferroviaire majeur, souvent cit\u00e9 dans le cadre des <strong>programmes prioritaires<\/strong> de la LOM pour :<br><strong>D\u00e9senclaver le sud-ouest de la France<\/strong> et am\u00e9liorer les liaisons entre les grandes m\u00e9tropoles (Bordeaux, Toulouse) et les territoires environnants.<br><strong>R\u00e9duire les temps de trajet<\/strong> entre Bordeaux et Toulouse (actuellement environ 2h10 en TER, objectif : moins de 1h10 avec la LGV).<br><strong>Favoriser le report modal<\/strong> (de la route vers le rail) et ainsi r\u00e9duire les \u00e9missions de CO\u2082, en coh\u00e9rence avec les objectifs climatiques de la Franc<\/p><\/div><\/div>\n<\/div><\/div><\/div>\n\n\n\n<div id=\"g-1j45117\" class=\"wp-block-gutentor-m6-item section-g-1j45117 gutentor-module gutentor-module-accordion-item\"><div class=\"gutentor-module-accordion-panel g-a-panel-g-wxb0zwz\"><div class=\"gm-ah-g-wxb0zwz gutentor-module-accordion-item-heading gutentor-module-icon-position-right\"><span class=\"gutentor-module-accordion-panel-handler\" role=\"button\"><span class=\"gutentor-module-accordion-panel-handler-label\">Sources<\/span><span class=\"gutentor-module-accordion-icon\"><i class=\"gm-aio-g-wxb0zwz gutentor-module-accordion-icon-open fas fa-plus\"><\/i><i class=\"gm-aic-g-wxb0zwz gutentor-module-accordion-icon-close fas fa-minus\"><\/i><\/span><\/span><\/div><div class=\"gm-ab-g-wxb0zwz gutentor-module-accordion-body\">\n<div id=\"section-g-25w41w7\" class=\"wp-block-gutentor-e0 section-g-25w41w7 gutentor-element gutentor-element-advanced-text\"><div class=\"gutentor-text-wrap\"><p class=\"gutentor-text\"><strong>Sources :<\/strong><br><a href=\"https:\/\/www.ecologie.gouv.fr\/loi-dorientation-des-mobilites\">https:\/\/www.ecologie.gouv.fr\/loi-dorientation-des-mobilites<\/a><br><a href=\"https:\/\/www.vie-publique.fr\/loi\/20809-loi-du-24-decembre-2019-dorientation-des-mobilites-lom\">https:\/\/www.vie-publique.fr\/loi\/20809-loi-du-24-decembre-2019-dorientation-des-mobilites-lom<\/a><br><a href=\"https:\/\/fr.wikipedia.org\/wiki\/Loi_d%27orientation_des_mobilit%C3%A9s\">https:\/\/fr.wikipedia.org\/wiki\/Loi_d%27orientation_des_mobilit%C3%A9s<\/a><\/p><\/div><\/div>\n<\/div><\/div><\/div>\n<\/div><\/section>\n\n\n\n<hr class=\"wp-block-separator has-alpha-channel-opacity\"\/>\n\n\n\n<div class=\"wp-block-columns is-layout-flex wp-container-core-columns-is-layout-28f84493 wp-block-columns-is-layout-flex\">\n<div class=\"wp-block-column is-layout-flow wp-block-column-is-layout-flow\" style=\"flex-basis:25%\"><\/div>\n\n\n\n<div class=\"wp-block-column is-layout-flow wp-block-column-is-layout-flow\" style=\"flex-basis:50%\">\n<h2 class=\"wp-block-heading has-text-align-center\">Les  votants de LREM<\/h2>\n\n\n\n<p class=\"has-text-align-center\">Source : <a href=\"https:\/\/www.assemblee-nationale.fr\/dyn\/15\/scrutins\/2071\">https:\/\/www.assemblee-nationale.fr\/dyn\/15\/scrutins\/2071<\/a><\/p>\n<\/div>\n\n\n\n<div class=\"wp-block-column is-layout-flow wp-block-column-is-layout-flow\" style=\"flex-basis:25%\"><\/div>\n<\/div>\n\n\n\n<div class=\"wp-block-columns is-layout-flex wp-container-core-columns-is-layout-28f84493 wp-block-columns-is-layout-flex\">\n<div class=\"wp-block-column is-layout-flow wp-block-column-is-layout-flow\">\n<p><a href=\"https:\/\/www.assemblee-nationale.fr\/dyn\/org\/PO730964\"><strong>La R\u00e9publique en Marche<\/strong><\/a><br>(304 membres)<br><mark style=\"background-color:#E5E5E5\" class=\"has-inline-color\">Pour : 289<\/mark><br><a href=\"https:\/\/www.assemblee-nationale.fr\/dyn\/deputes\/PA719866\">Mme Caroline Abadie<\/a><br><a href=\"https:\/\/www.assemblee-nationale.fr\/dyn\/deputes\/PA720242\">Mme B\u00e9rang\u00e8re Abba<\/a><br><a href=\"https:\/\/www.assemblee-nationale.fr\/dyn\/deputes\/PA722038\">M. Damien Adam<\/a><br><a href=\"https:\/\/www.assemblee-nationale.fr\/dyn\/deputes\/PA721036\">M. L\u00e9na\u00efck Adam<\/a><br><a href=\"https:\/\/www.assemblee-nationale.fr\/dyn\/deputes\/PA718954\">M. Sa\u00efd Ahamada<\/a><br><a href=\"https:\/\/www.assemblee-nationale.fr\/dyn\/deputes\/PA605963\">M. \u00c9ric Alauzet<\/a><br><a href=\"https:\/\/www.assemblee-nationale.fr\/dyn\/deputes\/PA724827\">Mme Ramlati Ali<\/a><br><a href=\"https:\/\/www.assemblee-nationale.fr\/dyn\/deputes\/PA720124\">Mme Aude Amadou<\/a><br><a href=\"https:\/\/www.assemblee-nationale.fr\/dyn\/deputes\/PA721278\">M. Patrice Anato<\/a><br><a href=\"https:\/\/www.assemblee-nationale.fr\/dyn\/deputes\/PA606675\">M. Fran\u00e7ois Andr\u00e9<\/a><br><a href=\"https:\/\/www.assemblee-nationale.fr\/dyn\/deputes\/PA721158\">M. Pieyre-Alexandre Anglade<\/a><br><a href=\"https:\/\/www.assemblee-nationale.fr\/dyn\/deputes\/PA719100\">M. Jean-Philippe Ardouin<\/a><br><a href=\"https:\/\/www.assemblee-nationale.fr\/dyn\/deputes\/PA720310\">M. Christophe Arend<\/a><br><a href=\"https:\/\/www.assemblee-nationale.fr\/dyn\/deputes\/PA721674\">Mme St\u00e9phanie Atger<\/a><br><a href=\"https:\/\/www.assemblee-nationale.fr\/dyn\/deputes\/PA721624\">Mme Laetitia Avia<\/a><br><a href=\"https:\/\/www.assemblee-nationale.fr\/dyn\/deputes\/PA719770\">M. Florian Bachelier<\/a><br><a href=\"https:\/\/www.assemblee-nationale.fr\/dyn\/deputes\/PA718744\">Mme Delphine Bagarry<\/a><br><a href=\"https:\/\/www.assemblee-nationale.fr\/dyn\/deputes\/PA721776\">M. Didier Baich\u00e8re<\/a><br><a href=\"https:\/\/www.assemblee-nationale.fr\/dyn\/deputes\/PA642724\">M. Fr\u00e9d\u00e9ric Barbier<\/a><br><a href=\"https:\/\/www.assemblee-nationale.fr\/dyn\/deputes\/PA721522\">M. Xavier Batut<\/a><br><a href=\"https:\/\/www.assemblee-nationale.fr\/dyn\/deputes\/PA722170\">Mme Sophie Beaudouin-Hubiere<\/a><br><a href=\"https:\/\/www.assemblee-nationale.fr\/dyn\/deputes\/PA720362\">M. Belkhir Belhaddad<\/a><br><a href=\"https:\/\/www.assemblee-nationale.fr\/dyn\/deputes\/PA722046\">Mme Aurore Berg\u00e9<\/a><br><a href=\"https:\/\/www.assemblee-nationale.fr\/dyn\/deputes\/PA719218\">M. Herv\u00e9 Berville<\/a><br><a href=\"https:\/\/www.assemblee-nationale.fr\/dyn\/deputes\/PA718876\">M. Gr\u00e9gory Besson-Moreau<\/a><br><a href=\"https:\/\/www.assemblee-nationale.fr\/dyn\/deputes\/PA722312\">Mme Barbara Bessot Ballot<\/a><br><a href=\"https:\/\/www.assemblee-nationale.fr\/dyn\/deputes\/PA718990\">Mme Anne Blanc<\/a><br><a href=\"https:\/\/www.assemblee-nationale.fr\/dyn\/deputes\/PA719024\">M. Christophe Blanchet<\/a><br><a href=\"https:\/\/www.assemblee-nationale.fr\/dyn\/deputes\/PA608641\">M. Yves Blein<\/a><br><a href=\"https:\/\/www.assemblee-nationale.fr\/dyn\/deputes\/PA720576\">M. Pascal Bois<\/a><br><a href=\"https:\/\/www.assemblee-nationale.fr\/dyn\/deputes\/PA721344\">M. Bruno Bonnell<\/a><br><a href=\"https:\/\/www.assemblee-nationale.fr\/dyn\/deputes\/PA718756\">Mme Aude Bono-Vandorme<\/a><br><a href=\"https:\/\/www.assemblee-nationale.fr\/dyn\/deputes\/PA719980\">M. Julien Borowczyk<\/a><br><a href=\"https:\/\/www.assemblee-nationale.fr\/dyn\/deputes\/PA642695\">M. \u00c9ric Bothorel<\/a><br><a href=\"https:\/\/www.assemblee-nationale.fr\/dyn\/deputes\/PA606507\">M. Florent Boudi\u00e9<\/a><br>Mme Brigitte Bourguignon<br><a href=\"https:\/\/www.assemblee-nationale.fr\/dyn\/deputes\/PA719032\">M. Bertrand Bouyx<\/a><br><a href=\"https:\/\/www.assemblee-nationale.fr\/dyn\/deputes\/PA718710\">Mme Pascale Boyer<\/a><br><a href=\"https:\/\/www.assemblee-nationale.fr\/dyn\/deputes\/PA721908\">Mme Ya\u00ebl Braun-Pivet<\/a><br><a href=\"https:\/\/www.assemblee-nationale.fr\/dyn\/deputes\/PA672\">M. Jean-Jacques Bridey<\/a><br><a href=\"https:\/\/www.assemblee-nationale.fr\/dyn\/deputes\/PA721336\">Mme Blandine Brocard<\/a><br><a href=\"https:\/\/www.assemblee-nationale.fr\/dyn\/deputes\/PA721328\">Mme Anne Brugnera<\/a><br><a href=\"https:\/\/www.assemblee-nationale.fr\/dyn\/deputes\/PA719890\">Mme Danielle Brulebois<\/a><br><a href=\"https:\/\/www.assemblee-nationale.fr\/dyn\/deputes\/PA720116\">Mme Anne-France Brunet<\/a><br><a href=\"https:\/\/www.assemblee-nationale.fr\/dyn\/deputes\/PA722000\">M. St\u00e9phane Buchou<\/a><br><a href=\"https:\/\/www.assemblee-nationale.fr\/dyn\/deputes\/PA720622\">Mme Carole Bureau-Bonnard<\/a><br><a href=\"https:\/\/www.assemblee-nationale.fr\/dyn\/deputes\/PA719496\">M. Pierre Cabar\u00e9<\/a><br><a href=\"https:\/\/www.assemblee-nationale.fr\/dyn\/deputes\/PA721750\">Mme C\u00e9line Calvez<\/a><br><a href=\"https:\/\/www.assemblee-nationale.fr\/dyn\/deputes\/PA720298\">Mme \u00c9milie Cariou<\/a><br><a href=\"https:\/\/www.assemblee-nationale.fr\/dyn\/deputes\/PA720520\">Mme Anne-Laure Cattelot<\/a><br><a href=\"https:\/\/www.assemblee-nationale.fr\/dyn\/deputes\/PA719922\">M. Lionel Causse<\/a><br><a href=\"https:\/\/www.assemblee-nationale.fr\/dyn\/deputes\/PA721352\">Mme Dani\u00e8le Cazarian<\/a><br>Mme Samantha Cazebonne<br><a href=\"https:\/\/www.assemblee-nationale.fr\/dyn\/deputes\/PA719472\">M. Jean-Ren\u00e9 Cazeneuve<\/a><br><a href=\"https:\/\/www.assemblee-nationale.fr\/dyn\/deputes\/PA720814\">M. S\u00e9bastien Cazenove<\/a><br><a href=\"https:\/\/www.assemblee-nationale.fr\/dyn\/deputes\/PA719440\">M. Anthony Cellier<\/a><br><a href=\"https:\/\/www.assemblee-nationale.fr\/dyn\/deputes\/PA721860\">M. Jean-Fran\u00e7ois Cesarini<\/a><br><a href=\"https:\/\/www.assemblee-nationale.fr\/dyn\/deputes\/PA719748\">Mme \u00c9milie Chalas<\/a><br><a href=\"https:\/\/www.assemblee-nationale.fr\/dyn\/deputes\/PA719790\">M. Philippe Chalumeau<\/a><br><a href=\"https:\/\/www.assemblee-nationale.fr\/dyn\/deputes\/PA719170\">Mme Fannette Charvier<\/a><br><a href=\"https:\/\/www.assemblee-nationale.fr\/dyn\/deputes\/PA719250\">M. Philippe Chassaing<\/a><br><a href=\"https:\/\/www.assemblee-nationale.fr\/dyn\/deputes\/PA722126\">M. Guillaume Chiche<\/a><br><a href=\"https:\/\/www.assemblee-nationale.fr\/dyn\/deputes\/PA760658\">M. Francis Chouat<\/a><br><a href=\"https:\/\/www.assemblee-nationale.fr\/dyn\/deputes\/PA702054\">M. St\u00e9phane Claireaux<\/a><br><a href=\"https:\/\/www.assemblee-nationale.fr\/dyn\/deputes\/PA719294\">Mme Mireille Clapot<\/a><br><a href=\"https:\/\/www.assemblee-nationale.fr\/dyn\/deputes\/PA719740\">M. Jean-Charles Colas-Roy<\/a><br><a href=\"https:\/\/www.assemblee-nationale.fr\/dyn\/deputes\/PA719814\">Mme Fabienne Colboc<\/a><br><a href=\"https:\/\/www.assemblee-nationale.fr\/dyn\/deputes\/PA718910\">Mme Claire Colomb-Pitollat<\/a><br><a href=\"https:\/\/www.assemblee-nationale.fr\/dyn\/deputes\/PA719118\">M. Fran\u00e7ois Cormier-Bouligeon<\/a><br><a href=\"https:\/\/www.assemblee-nationale.fr\/dyn\/deputes\/PA719624\">Mme B\u00e9rang\u00e8re Couillard<\/a><\/p>\n\n\n\n<p><a href=\"https:\/\/www.assemblee-nationale.fr\/dyn\/deputes\/PA721808\">Mme Mich\u00e8le Crouzet<\/a><br><a href=\"https:\/\/www.assemblee-nationale.fr\/dyn\/deputes\/PA720932\">M. Dominique Da Silva<\/a><br><a href=\"https:\/\/www.assemblee-nationale.fr\/dyn\/deputes\/PA720268\">M. Olivier Damaisin<\/a><br><a href=\"https:\/\/www.assemblee-nationale.fr\/dyn\/deputes\/PA607155\">M. Yves Daniel<\/a><\/p>\n<\/div>\n\n\n\n<div class=\"wp-block-column is-layout-flow wp-block-column-is-layout-flow\">\n<p class=\"o-typing-delay-500ms\"><a href=\"https:\/\/www.assemblee-nationale.fr\/dyn\/deputes\/PA719710\"><mark style=\"background-color:#ff8989\" class=\"has-inline-color has-black-color\">Mme Dominique David<\/mark><\/a><br><a href=\"https:\/\/www.assemblee-nationale.fr\/dyn\/deputes\/PA719194\">Mme Yolaine de Courson<\/a><br><a href=\"https:\/\/www.assemblee-nationale.fr\/dyn\/deputes\/PA719310\">Mme C\u00e9lia de Lavergne<\/a><br><a href=\"https:\/\/www.assemblee-nationale.fr\/dyn\/deputes\/PA332747\">M. Fran\u00e7ois de Rugy<\/a><br><a href=\"https:\/\/www.assemblee-nationale.fr\/dyn\/deputes\/PA720538\">Mme Jennifer De Temmerman<\/a><br><a href=\"https:\/\/www.assemblee-nationale.fr\/dyn\/deputes\/PA721398\">Mme Typhanie Degois<\/a><br><a href=\"https:\/\/www.assemblee-nationale.fr\/dyn\/deputes\/PA718694\">M. Marc Delatte<\/a><br><a href=\"https:\/\/www.assemblee-nationale.fr\/dyn\/deputes\/PA719258\">M. Michel Delpon<\/a><br><a href=\"https:\/\/www.assemblee-nationale.fr\/dyn\/deputes\/PA720438\">M. Christophe Di Pompeo<\/a><br><a href=\"https:\/\/www.assemblee-nationale.fr\/dyn\/deputes\/PA722382\">M. Benjamin Dirx<\/a><br><a href=\"https:\/\/www.assemblee-nationale.fr\/dyn\/deputes\/PA718894\">M. Lo\u00efc Dombreval<\/a><br><a href=\"https:\/\/www.assemblee-nationale.fr\/dyn\/deputes\/PA721718\">Mme St\u00e9phanie Do<\/a><br><a href=\"https:\/\/www.assemblee-nationale.fr\/dyn\/deputes\/PA719162\">Mme Jacqueline Dubois<\/a><br><a href=\"https:\/\/www.assemblee-nationale.fr\/dyn\/deputes\/PA719684\">Mme Coralie Dubost<\/a><br><a href=\"https:\/\/www.assemblee-nationale.fr\/dyn\/deputes\/PA720154\">Mme Nicole Dubr\u00e9-Chirat<\/a><br><a href=\"https:\/\/www.assemblee-nationale.fr\/dyn\/deputes\/PA720046\">Mme Audrey Dufeu<\/a><br><a href=\"https:\/\/www.assemblee-nationale.fr\/dyn\/deputes\/PA606202\">Mme Fran\u00e7oise Dumas<\/a><br><a href=\"https:\/\/www.assemblee-nationale.fr\/dyn\/deputes\/PA643175\">Mme Stella Dupont<\/a><br><a href=\"https:\/\/www.assemblee-nationale.fr\/dyn\/deputes\/PA719830\">M. Nicolas D\u00e9moulin<\/a><br><a href=\"https:\/\/www.assemblee-nationale.fr\/dyn\/deputes\/PA719692\">M. Jean-Fran\u00e7ois Eliaou<\/a><br><a href=\"https:\/\/www.assemblee-nationale.fr\/dyn\/deputes\/PA607193\">Mme Sophie Errante<\/a><br><a href=\"https:\/\/www.assemblee-nationale.fr\/dyn\/deputes\/PA719616\">M. Christophe Euzet<\/a><br><a href=\"https:\/\/www.assemblee-nationale.fr\/dyn\/deputes\/PA719570\">Mme Catherine Fabre<\/a><br><a href=\"https:\/\/www.assemblee-nationale.fr\/dyn\/deputes\/PA719960\">Mme Val\u00e9ria Faure-Muntian<\/a><br><a href=\"https:\/\/www.assemblee-nationale.fr\/dyn\/deputes\/PA721702\">M. Jean-Michel Fauvergue<\/a><br><a href=\"https:\/\/www.assemblee-nationale.fr\/dyn\/deputes\/PA722134\">M. Jean-Marie Fi\u00e9vet<\/a><br>M. Philippe Folliot<br><a href=\"https:\/\/www.assemblee-nationale.fr\/dyn\/deputes\/PA718706\">Mme Emmanuelle Fontaine-Domeizel<\/a><br><a href=\"https:\/\/www.assemblee-nationale.fr\/dyn\/deputes\/PA721384\">Mme Pascale Fontenel-Personne<\/a><br><a href=\"https:\/\/www.assemblee-nationale.fr\/dyn\/deputes\/PA721142\">Mme Paula Forteza<\/a><br><a href=\"https:\/\/www.assemblee-nationale.fr\/dyn\/deputes\/PA720030\">M. Alexandre Freschi<\/a><br><a href=\"https:\/\/www.assemblee-nationale.fr\/dyn\/deputes\/PA722366\">M. Jean-Luc Fugit<\/a><br><a href=\"https:\/\/www.assemblee-nationale.fr\/dyn\/deputes\/PA719480\">M. Olivier Gaillard<\/a><br><a href=\"https:\/\/www.assemblee-nationale.fr\/dyn\/deputes\/PA721246\">Mme Albane Gaillot<\/a><br><a href=\"https:\/\/www.assemblee-nationale.fr\/dyn\/deputes\/PA722358\">M. Thomas Gassilloud<\/a><br><a href=\"https:\/\/www.assemblee-nationale.fr\/dyn\/deputes\/PA721364\">M. Rapha\u00ebl Gauvain<\/a><br><a href=\"https:\/\/www.assemblee-nationale.fr\/dyn\/deputes\/PA720806\">Mme Laurence Gayte<\/a><br><a href=\"https:\/\/www.assemblee-nationale.fr\/dyn\/deputes\/PA721024\">Mme Anne Genetet<\/a><br><a href=\"https:\/\/www.assemblee-nationale.fr\/dyn\/deputes\/PA719326\">Mme S\u00e9verine Gipson<\/a><br><a href=\"https:\/\/www.assemblee-nationale.fr\/dyn\/deputes\/PA720222\">M. \u00c9ric Girardin<\/a><br><a href=\"https:\/\/www.assemblee-nationale.fr\/dyn\/deputes\/PA267336\">M. Jo\u00ebl Giraud<\/a><br><a href=\"https:\/\/www.assemblee-nationale.fr\/dyn\/deputes\/PA718674\">Mme Olga Givernet<\/a><br><a href=\"https:\/\/www.assemblee-nationale.fr\/dyn\/deputes\/PA721784\">Mme Val\u00e9rie Gomez-Bassac<\/a><br><a href=\"https:\/\/www.assemblee-nationale.fr\/dyn\/deputes\/PA721296\">M. Guillaume Gouffier Valente<\/a><br><a href=\"https:\/\/www.assemblee-nationale.fr\/dyn\/deputes\/PA720560\">Mme Perrine Goulet<\/a><br><a href=\"https:\/\/www.assemblee-nationale.fr\/dyn\/deputes\/PA719330\">M. Fabien Gouttefarde<\/a><br><a href=\"https:\/\/www.assemblee-nationale.fr\/dyn\/deputes\/PA720170\">Mme Carole Grandjean<\/a><br><a href=\"https:\/\/www.assemblee-nationale.fr\/dyn\/deputes\/PA722062\">Mme Florence Granjus<\/a><br><a href=\"https:\/\/www.assemblee-nationale.fr\/dyn\/deputes\/PA720790\">M. Romain Grau<\/a><br><a href=\"https:\/\/www.assemblee-nationale.fr\/dyn\/deputes\/PA721560\">M. Benjamin Griveaux<\/a><br><a href=\"https:\/\/www.assemblee-nationale.fr\/dyn\/deputes\/PA721792\">Mme \u00c9milie Guerel<\/a><br><a href=\"https:\/\/www.assemblee-nationale.fr\/dyn\/deputes\/PA721498\">M. Stanislas Guerini<\/a><br><a href=\"https:\/\/www.assemblee-nationale.fr\/dyn\/deputes\/PA721880\">Mme Marie Gu\u00e9venoux<\/a><br><a href=\"https:\/\/www.assemblee-nationale.fr\/dyn\/deputes\/PA719108\">M. Rapha\u00ebl G\u00e9rard<\/a><br><a href=\"https:\/\/www.assemblee-nationale.fr\/dyn\/deputes\/PA722054\">Mme Nadia Hai<\/a><br><a href=\"https:\/\/www.assemblee-nationale.fr\/dyn\/deputes\/PA719652\">Mme V\u00e9ronique Hammerer<\/a><br><a href=\"https:\/\/www.assemblee-nationale.fr\/dyn\/deputes\/PA722094\">Mme Christine Hennion<\/a><br><a href=\"https:\/\/www.assemblee-nationale.fr\/dyn\/deputes\/PA722070\">M. Pierre Henriet<\/a><br><a href=\"https:\/\/www.assemblee-nationale.fr\/dyn\/deputes\/PA721150\">M. Alexandre Holroyd<\/a><br><a href=\"https:\/\/www.assemblee-nationale.fr\/dyn\/deputes\/PA720454\">M. Dimitri Houbron<\/a><br><a href=\"https:\/\/www.assemblee-nationale.fr\/dyn\/deputes\/PA719700\">M. Philippe Hupp\u00e9<\/a><br><a href=\"https:\/\/www.assemblee-nationale.fr\/dyn\/deputes\/PA718794\">Mme Dani\u00e8le H\u00e9rin<\/a><br><a href=\"https:\/\/www.assemblee-nationale.fr\/dyn\/deputes\/PA331835\">Mme Monique Iborra<\/a><br><a href=\"https:\/\/www.assemblee-nationale.fr\/dyn\/deputes\/PA720354\">M. Jean-Michel Jacques<\/a><br><a href=\"https:\/\/www.assemblee-nationale.fr\/dyn\/deputes\/PA720074\">Mme Caroline Janvier<\/a><br><a href=\"https:\/\/www.assemblee-nationale.fr\/dyn\/deputes\/PA719060\">M. Christophe Jerretie<\/a><br><a href=\"https:\/\/www.assemblee-nationale.fr\/dyn\/deputes\/PA719778\">M. Fran\u00e7ois Jolivet<\/a><br><a href=\"https:\/\/www.assemblee-nationale.fr\/dyn\/deputes\/PA722344\">M. Hubert Julien-Laferri\u00e8re<\/a><br><a href=\"https:\/\/www.assemblee-nationale.fr\/dyn\/deputes\/PA719994\">Mme Catherine Kamowski<\/a><br><a href=\"https:\/\/www.assemblee-nationale.fr\/dyn\/deputes\/PA719372\">M. Guillaume Kasbarian<\/a><br><a href=\"https:\/\/www.assemblee-nationale.fr\/dyn\/deputes\/PA721514\">Mme St\u00e9phanie Kerbarh<\/a><br><a href=\"https:\/\/www.assemblee-nationale.fr\/dyn\/deputes\/PA719230\">M. Yannick Kerlogot<\/a><br><a href=\"https:\/\/www.assemblee-nationale.fr\/dyn\/deputes\/PA719052\">M. Lo\u00efc Kervran<\/a><br><a href=\"https:\/\/www.assemblee-nationale.fr\/dyn\/deputes\/PA719186\">Mme Fadila Khattabi<\/a><br><a href=\"https:\/\/www.assemblee-nationale.fr\/dyn\/deputes\/PA721644\">M. Rodrigue Kokouendo<\/a><\/p>\n\n\n\n<p><a href=\"https:\/\/www.assemblee-nationale.fr\/dyn\/deputes\/PA605084\">M. Jacques Krabal<\/a><br><a href=\"https:\/\/www.assemblee-nationale.fr\/dyn\/deputes\/PA720202\">Mme Sonia Krimi<\/a><br><a href=\"https:\/\/www.assemblee-nationale.fr\/dyn\/deputes\/PA720214\">Mme Aina Kuric<\/a><br><a href=\"https:\/\/www.assemblee-nationale.fr\/dyn\/deputes\/PA719842\">M. Mustapha Laabid<\/a><br><a href=\"https:\/\/www.assemblee-nationale.fr\/dyn\/deputes\/PA719798\">M. Daniel Labaronne<\/a><br><a href=\"https:\/\/www.assemblee-nationale.fr\/dyn\/deputes\/PA721004\">Mme Am\u00e9lia Lakrafi<\/a><br><a href=\"https:\/\/www.assemblee-nationale.fr\/dyn\/deputes\/PA643205\">Mme Anne-Christine Lang<\/a><br><a href=\"https:\/\/www.assemblee-nationale.fr\/dyn\/deputes\/PA721434\">Mme Fr\u00e9d\u00e9rique Lardet<\/a><br><a href=\"https:\/\/www.assemblee-nationale.fr\/dyn\/deputes\/PA719396\">M. Jean-Charles Larsonneur<\/a><br><a href=\"https:\/\/www.assemblee-nationale.fr\/dyn\/deputes\/PA720022\">M. Michel Lauzzana<\/a><br><a href=\"https:\/\/www.assemblee-nationale.fr\/dyn\/deputes\/PA719664\">M. Pascal Lavergne<\/a><br><a href=\"https:\/\/www.assemblee-nationale.fr\/dyn\/deputes\/PA720916\">Mme Fiona Lazaar<\/a><br><a href=\"https:\/\/www.assemblee-nationale.fr\/dyn\/deputes\/PA719728\">M. Ga\u00ebl Le Bohec<\/a><br><a href=\"https:\/\/www.assemblee-nationale.fr\/dyn\/deputes\/PA719412\">Mme Sandrine Le Feur<\/a><br><a href=\"https:\/\/www.assemblee-nationale.fr\/dyn\/deputes\/PA719404\">M. Didier Le Gac<\/a><br><a href=\"https:\/\/www.assemblee-nationale.fr\/dyn\/deputes\/PA721466\">M. Gilles Le Gendre<\/a><br><a href=\"https:\/\/www.assemblee-nationale.fr\/dyn\/deputes\/PA719388\">Mme Anna\u00efg Le Meur<\/a><br><a href=\"https:\/\/www.assemblee-nationale.fr\/dyn\/deputes\/PA719756\">Mme Christine Le Nabour<\/a><br><a href=\"https:\/\/www.assemblee-nationale.fr\/dyn\/deputes\/PA720342\">Mme Nicole Le Peih<\/a><br><a href=\"https:\/\/www.assemblee-nationale.fr\/dyn\/deputes\/PA719006\">M. Fabrice Le Vigoureux<\/a><br><a href=\"https:\/\/www.assemblee-nationale.fr\/dyn\/deputes\/PA721852\">Mme Marie Lebec<\/a><br><a href=\"https:\/\/www.assemblee-nationale.fr\/dyn\/deputes\/PA722228\">M. Jean-Claude Leclabart<\/a><br><a href=\"https:\/\/www.assemblee-nationale.fr\/dyn\/deputes\/PA722008\">Mme Martine Leguille-Balloy<\/a><br><a href=\"https:\/\/www.assemblee-nationale.fr\/dyn\/deputes\/PA722320\">M. Christophe Lejeune<\/a><br><a href=\"https:\/\/www.assemblee-nationale.fr\/dyn\/deputes\/PA721450\">Mme Marion Lenne<\/a><br><a href=\"https:\/\/www.assemblee-nationale.fr\/dyn\/deputes\/PA721134\">M. Roland Lescure<\/a><br><a href=\"https:\/\/www.assemblee-nationale.fr\/dyn\/deputes\/PA719858\">Mme Monique Limon<\/a><br><a href=\"https:\/\/www.assemblee-nationale.fr\/dyn\/deputes\/PA720378\">M. Richard Lioger<\/a><br><a href=\"https:\/\/www.assemblee-nationale.fr\/dyn\/deputes\/PA720446\">Mme Brigitte Liso<\/a><br><a href=\"https:\/\/www.assemblee-nationale.fr\/dyn\/deputes\/PA722244\">Mme Marie-Ange Magne<\/a><br><a href=\"https:\/\/www.assemblee-nationale.fr\/dyn\/deputes\/PA717167\">M. Mounir Mahjoubi<\/a><br><a href=\"https:\/\/www.assemblee-nationale.fr\/dyn\/deputes\/PA717379\">M. Sylvain Maillard<\/a><br><a href=\"https:\/\/www.assemblee-nationale.fr\/dyn\/deputes\/PA719718\">Mme Laurence Maillart-M\u00e9haignerie<\/a><br><a href=\"https:\/\/www.assemblee-nationale.fr\/dyn\/deputes\/PA722178\">M. Jacques Maire<\/a><br><a href=\"https:\/\/www.assemblee-nationale.fr\/dyn\/deputes\/PA334116\">Mme Jacqueline Maquet<\/a><br><a href=\"https:\/\/www.assemblee-nationale.fr\/dyn\/deputes\/PA719080\">Mme Sandra Marsaud<\/a><br><a href=\"https:\/\/www.assemblee-nationale.fr\/dyn\/deputes\/PA719154\">M. Didier Martin<\/a><br><a href=\"https:\/\/www.assemblee-nationale.fr\/dyn\/deputes\/PA721800\">M. Fabien Matras<\/a><br><a href=\"https:\/\/www.assemblee-nationale.fr\/dyn\/deputes\/PA721726\">Mme Sereine Mauborgne<\/a><\/p>\n<\/div>\n\n\n\n<div class=\"wp-block-column is-layout-flow wp-block-column-is-layout-flow\">\n<p><br><a href=\"https:\/\/www.assemblee-nationale.fr\/dyn\/deputes\/PA677483\">M. St\u00e9phane Mazars<\/a><br><a href=\"https:\/\/www.assemblee-nationale.fr\/dyn\/deputes\/PA720870\">M. Jean Fran\u00e7ois Mbaye<\/a><br><a href=\"https:\/\/www.assemblee-nationale.fr\/dyn\/deputes\/PA719338\">Mme Graziella Melchior<\/a><br><a href=\"https:\/\/www.assemblee-nationale.fr\/dyn\/deputes\/PA720370\">M. Ludovic Mendes<\/a><br><a href=\"https:\/\/www.assemblee-nationale.fr\/dyn\/deputes\/PA719072\">M. Thomas Mesnier<\/a><br><a href=\"https:\/\/www.assemblee-nationale.fr\/dyn\/deputes\/PA719882\">Mme Marjolaine Meynier-Millefert<\/a><br><a href=\"https:\/\/www.assemblee-nationale.fr\/dyn\/deputes\/PA719130\">Mme Monica Michel-Brassart<\/a><br><a href=\"https:\/\/www.assemblee-nationale.fr\/dyn\/deputes\/PA720738\">M. Thierry Michels<\/a><br><a href=\"https:\/\/www.assemblee-nationale.fr\/dyn\/deputes\/PA719668\">Mme Patricia Mirall\u00e8s<\/a><br><a href=\"https:\/\/www.assemblee-nationale.fr\/dyn\/deputes\/PA719952\">M. Jean-Michel Mis<\/a><br><a href=\"https:\/\/www.assemblee-nationale.fr\/dyn\/deputes\/PA719242\">M. Jean-Baptiste Moreau<\/a><br><a href=\"https:\/\/www.assemblee-nationale.fr\/dyn\/deputes\/PA721876\">M. Adrien Morenas<\/a><br><a href=\"https:\/\/www.assemblee-nationale.fr\/dyn\/deputes\/PA719850\">Mme Cendra Motin<\/a><br><a href=\"https:\/\/www.assemblee-nationale.fr\/dyn\/deputes\/PA720908\">Mme Na\u00efma Moutchou<\/a><br><a href=\"https:\/\/www.assemblee-nationale.fr\/dyn\/deputes\/PA721656\">Mme C\u00e9cile Muschotti<\/a><br><a href=\"https:\/\/www.assemblee-nationale.fr\/dyn\/deputes\/PA719456\">Mme Sandrine M\u00f6rch<\/a><br><a href=\"https:\/\/www.assemblee-nationale.fr\/dyn\/deputes\/PA719520\">M. Micka\u00ebl Nogal<\/a><br><a href=\"https:\/\/www.assemblee-nationale.fr\/dyn\/deputes\/PA719364\">Mme Claire O&rsquo;Petit<\/a><br><a href=\"https:\/\/www.assemblee-nationale.fr\/dyn\/deputes\/PA720108\">Mme Val\u00e9rie Oppelt<\/a><br><a href=\"https:\/\/www.assemblee-nationale.fr\/dyn\/deputes\/PA720492\">Mme Catherine Osson<\/a><br><a href=\"https:\/\/www.assemblee-nationale.fr\/dyn\/deputes\/PA720402\">M. Xavier Paluszkiewicz<\/a><br><a href=\"https:\/\/www.assemblee-nationale.fr\/dyn\/deputes\/PA719632\">Mme Sophie Panonacle<\/a><br><a href=\"https:\/\/www.assemblee-nationale.fr\/dyn\/deputes\/PA719202\">M. Didier Paris<\/a><br><a href=\"https:\/\/www.assemblee-nationale.fr\/dyn\/deputes\/PA720944\">Mme Zivka Park<\/a><br><a href=\"https:\/\/www.assemblee-nationale.fr\/dyn\/deputes\/PA720480\">Mme Charlotte Parmentier-Lecocq<\/a><br><a href=\"https:\/\/www.assemblee-nationale.fr\/dyn\/deputes\/PA607595\">M. Herv\u00e9 Pellois<\/a><br><a href=\"https:\/\/www.assemblee-nationale.fr\/dyn\/deputes\/PA718802\">M. Alain Perea<\/a><br><a href=\"https:\/\/www.assemblee-nationale.fr\/dyn\/deputes\/PA720414\">M. Patrice Perrot<\/a><br><a href=\"https:\/\/www.assemblee-nationale.fr\/dyn\/deputes\/PA721568\">M. Pierre Person<\/a><br><a href=\"https:\/\/www.assemblee-nationale.fr\/dyn\/deputes\/PA718930\">Mme Anne-Laurence Petel<\/a><br><a href=\"https:\/\/www.assemblee-nationale.fr\/dyn\/deputes\/PA720500\">Mme Val\u00e9rie Petit<\/a><br><a href=\"https:\/\/www.assemblee-nationale.fr\/dyn\/deputes\/PA718736\">Mme B\u00e9n\u00e9dicte Peyrol<\/a><br><a href=\"https:\/\/www.assemblee-nationale.fr\/dyn\/deputes\/PA721710\">Mme Mich\u00e8le Peyron<\/a><br><a href=\"https:\/\/www.assemblee-nationale.fr\/dyn\/deputes\/PA721372\">M. Damien Pichereau<\/a><br><a href=\"https:\/\/www.assemblee-nationale.fr\/dyn\/deputes\/PA720512\">M. Laurent Pietraszewski<\/a><br><a href=\"https:\/\/www.assemblee-nationale.fr\/dyn\/deputes\/PA721844\">Mme B\u00e9atrice Piron<\/a><br><a href=\"https:\/\/www.assemblee-nationale.fr\/dyn\/deputes\/PA609520\">Mme Barbara Pompili<\/a><br><a href=\"https:\/\/www.assemblee-nationale.fr\/dyn\/deputes\/PA2449\">M. Jean-Pierre Pont<\/a><br><a href=\"https:\/\/www.assemblee-nationale.fr\/dyn\/deputes\/PA720590\">M. Benoit Potterie<\/a><br><a href=\"https:\/\/www.assemblee-nationale.fr\/dyn\/deputes\/PA719600\">M. \u00c9ric Poulliat<\/a><br><a href=\"https:\/\/www.assemblee-nationale.fr\/dyn\/deputes\/PA721916\">Mme Natalia Pouzyreff<\/a><br><a href=\"https:\/\/www.assemblee-nationale.fr\/dyn\/deputes\/PA722194\">Mme Florence Provendier<\/a><br><a href=\"https:\/\/www.assemblee-nationale.fr\/dyn\/deputes\/PA722090\">Mme B\u00e9n\u00e9dicte P\u00e9telle<\/a><br><a href=\"https:\/\/www.assemblee-nationale.fr\/dyn\/deputes\/PA643127\">M. Bruno Questel<\/a><br><a href=\"https:\/\/www.assemblee-nationale.fr\/dyn\/deputes\/PA718944\">Mme Cathy Racon-Bouzon<\/a><br><a href=\"https:\/\/www.assemblee-nationale.fr\/dyn\/deputes\/PA721888\">M. Pierre-Alain Raphan<\/a><br><a href=\"https:\/\/www.assemblee-nationale.fr\/dyn\/deputes\/PA720552\">Mme Isabelle Rauch<\/a><br><a href=\"https:\/\/www.assemblee-nationale.fr\/dyn\/deputes\/PA722398\">M. R\u00e9my Rebeyrotte<\/a><br><a href=\"https:\/\/www.assemblee-nationale.fr\/dyn\/deputes\/PA721824\">M. Hugues Renson<\/a><br><a href=\"https:\/\/www.assemblee-nationale.fr\/dyn\/deputes\/PA720900\">Mme C\u00e9cile Rilhac<\/a><br><a href=\"https:\/\/www.assemblee-nationale.fr\/dyn\/deputes\/PA721426\">Mme V\u00e9ronique Riotton<\/a><br><a href=\"https:\/\/www.assemblee-nationale.fr\/dyn\/deputes\/PA720066\">Mme St\u00e9phanie Rist<\/a><br><a href=\"https:\/\/www.assemblee-nationale.fr\/dyn\/deputes\/PA722252\">Mme Marie-Pierre Rixain<\/a><br><a href=\"https:\/\/www.assemblee-nationale.fr\/dyn\/deputes\/PA718810\">Mme Mireille Robert<\/a><br><a href=\"https:\/\/www.assemblee-nationale.fr\/dyn\/deputes\/PA722022\">Mme La\u00ebtitia Romeiro Dias<\/a><br><a href=\"https:\/\/www.assemblee-nationale.fr\/dyn\/deputes\/PA721458\">M. Xavier Roseren<\/a><br><a href=\"https:\/\/www.assemblee-nationale.fr\/dyn\/deputes\/PA721600\">Mme Laurianne Rossi<\/a><br><a href=\"https:\/\/www.assemblee-nationale.fr\/dyn\/deputes\/PA343493\">M. Gwendal Rouillard<\/a><br><a href=\"https:\/\/www.assemblee-nationale.fr\/dyn\/deputes\/PA718902\">M. C\u00e9dric Roussel<\/a><br><a href=\"https:\/\/www.assemblee-nationale.fr\/dyn\/deputes\/PA722292\">M. Thomas Rudigoz<\/a><br><a href=\"https:\/\/www.assemblee-nationale.fr\/dyn\/deputes\/PA721616\">M. Pac\u00f4me Rupin<\/a><br><a href=\"https:\/\/www.assemblee-nationale.fr\/dyn\/deputes\/PA720878\">M. Laurent Saint-Martin<\/a><br><a href=\"https:\/\/www.assemblee-nationale.fr\/dyn\/deputes\/PA720138\">Mme Laetitia Saint-Paul<\/a><br><a href=\"https:\/\/www.assemblee-nationale.fr\/dyn\/deputes\/PA719972\">Mme Nathalie Sarles<\/a><br><a href=\"https:\/\/www.assemblee-nationale.fr\/dyn\/deputes\/PA720780\">M. Jean-Bernard Sempastous<\/a><br><a href=\"https:\/\/www.assemblee-nationale.fr\/dyn\/deputes\/PA720960\">M. Olivier Serva<\/a><br><a href=\"https:\/\/www.assemblee-nationale.fr\/dyn\/deputes\/PA719592\">M. Benoit Simian<\/a><br><a href=\"https:\/\/www.assemblee-nationale.fr\/dyn\/deputes\/PA346876\">M. Thierry Sol\u00e8re<\/a><br><a href=\"https:\/\/www.assemblee-nationale.fr\/dyn\/deputes\/PA719420\">M. Denis Sommer<\/a><br><a href=\"https:\/\/www.assemblee-nationale.fr\/dyn\/deputes\/PA720190\">M. Bertrand Sorre<\/a><br><a href=\"https:\/\/www.assemblee-nationale.fr\/dyn\/deputes\/PA720754\">M. Bruno Studer<\/a><br><a href=\"https:\/\/www.assemblee-nationale.fr\/dyn\/deputes\/PA722118\">Mme Sira Sylla<\/a><br><a href=\"https:\/\/www.assemblee-nationale.fr\/dyn\/deputes\/PA720952\">M. Aur\u00e9lien Tach\u00e9<\/a><br><a href=\"https:\/\/www.assemblee-nationale.fr\/dyn\/deputes\/PA719350\">Mme Marie Tamarelle-Verhaeghe<\/a><br><a href=\"https:\/\/www.assemblee-nationale.fr\/dyn\/deputes\/PA721690\">M. Buon Tan<\/a><br><a href=\"https:\/\/www.assemblee-nationale.fr\/dyn\/deputes\/PA719550\">Mme Liliana Tanguy<\/a><br><a href=\"https:\/\/www.assemblee-nationale.fr\/dyn\/deputes\/PA721584\">M. Jean Terlier<\/a><br><a href=\"https:\/\/www.assemblee-nationale.fr\/dyn\/deputes\/PA720854\">M. St\u00e9phane Test\u00e9<\/a><br><a href=\"https:\/\/www.assemblee-nationale.fr\/dyn\/deputes\/PA719822\">Mme Sabine Thillaye<\/a><br><a href=\"https:\/\/www.assemblee-nationale.fr\/dyn\/deputes\/PA722336\">M. Vincent Thi\u00e9baut<\/a><br><a href=\"https:\/\/www.assemblee-nationale.fr\/dyn\/deputes\/PA720830\">Mme Val\u00e9rie Thomas<\/a><br><a href=\"https:\/\/www.assemblee-nationale.fr\/dyn\/deputes\/PA719302\">Mme Alice Thourot<\/a><br><a href=\"https:\/\/www.assemblee-nationale.fr\/dyn\/deputes\/PA720014\">Mme Huguette Tiegna<\/a><br><a href=\"https:\/\/www.assemblee-nationale.fr\/dyn\/deputes\/PA334768\">M. Jean-Louis Touraine<\/a><br><a href=\"https:\/\/www.assemblee-nationale.fr\/dyn\/deputes\/PA2828\">M. Alain Tourret<\/a><br><a href=\"https:\/\/www.assemblee-nationale.fr\/dyn\/deputes\/PA719540\">Mme \u00c9lisabeth Toutut-Picard<\/a><br><a href=\"https:\/\/www.assemblee-nationale.fr\/dyn\/deputes\/PA607395\">M. St\u00e9phane Travert<\/a><br><a href=\"https:\/\/www.assemblee-nationale.fr\/dyn\/deputes\/PA720394\">Mme Nicole Trisse<\/a><br><a href=\"https:\/\/www.assemblee-nationale.fr\/dyn\/deputes\/PA718682\">M. St\u00e9phane Trompille<\/a><br><a href=\"https:\/\/www.assemblee-nationale.fr\/dyn\/deputes\/PA719092\">Mme Fr\u00e9d\u00e9rique Tuffnell<\/a><br><a href=\"https:\/\/www.assemblee-nationale.fr\/dyn\/deputes\/PA718768\">Mme Alexandra Valetta Ardisson<\/a><br><a href=\"https:\/\/www.assemblee-nationale.fr\/dyn\/deputes\/PA718728\">Mme Laurence Vanceunebrock<\/a><br><a href=\"https:\/\/www.assemblee-nationale.fr\/dyn\/deputes\/PA721542\">Mme Marie-Christine Verdier-Jouclas<\/a><br><a href=\"https:\/\/www.assemblee-nationale.fr\/dyn\/deputes\/PA722102\">Mme Annie Vidal<\/a><br><a href=\"https:\/\/www.assemblee-nationale.fr\/dyn\/deputes\/PA606639\">M. Patrick Vignal<\/a><br><a href=\"https:\/\/www.assemblee-nationale.fr\/dyn\/deputes\/PA722260\">M. C\u00e9dric Villani<\/a><br><a href=\"https:\/\/www.assemblee-nationale.fr\/dyn\/deputes\/PA721262\">M. Guillaume Vuilletet<\/a><br><a href=\"https:\/\/www.assemblee-nationale.fr\/dyn\/deputes\/PA642788\">M. Olivier V\u00e9ran<\/a><br><a href=\"https:\/\/www.assemblee-nationale.fr\/dyn\/deputes\/PA722268\">Mme Martine Wonner<\/a><br><a href=\"https:\/\/www.assemblee-nationale.fr\/dyn\/deputes\/PA720318\">Mme H\u00e9l\u00e8ne Zannier<\/a><br><a href=\"https:\/\/www.assemblee-nationale.fr\/dyn\/deputes\/PA718962\">M. Jean-Marc Zulesi<\/a><br><mark style=\"background-color:#E5E5E5\" class=\"has-inline-color\">Contre : 1<\/mark><br><a href=\"https:\/\/www.assemblee-nationale.fr\/dyn\/deputes\/PA722078\">M. Jacques Savatier<\/a><br><mark style=\"background-color:#E5E5E5\" class=\"has-inline-color\">Non votant : 1<\/mark><br><a href=\"https:\/\/www.assemblee-nationale.fr\/dyn\/deputes\/PA606171\">M. Richard Ferrand<\/a> (Pr\u00e9sident de l&rsquo;Assembl\u00e9e nationale)<\/p>\n<\/div>\n<\/div>\n\n\n\n<p><\/p>\n\n\n\n<p><\/p>\n\n\n\n<p><\/p>\n","protected":false},"excerpt":{"rendered":"<p>Cette loi de 2019 d\u00e9finit les orientations en mati\u00e8re de mobilit\u00e9. Elle aborde en particulier la ligne LGV qui doit traverser notre commune et les d\u00e9put\u00e9s qui ont vot\u00e9 favorablement. Vous ne voulez pas tout lire ? allez regarder quand m\u00eame quels sont les d\u00e9put\u00e9s et une des d\u00e9put\u00e9es qui [&hellip;]<\/p>\n","protected":false},"author":1,"featured_media":694,"comment_status":"closed","ping_status":"open","sticky":false,"template":"","format":"standard","meta":{"_themeisle_gutenberg_block_has_review":false,"footnotes":"","jetpack_publicize_message":"","jetpack_publicize_feature_enabled":true,"jetpack_social_post_already_shared":true,"jetpack_social_options":{"image_generator_settings":{"template":"highway","default_image_id":0,"font":"","enabled":false},"version":2}},"categories":[11],"tags":[],"class_list":["post-693","post","type-post","status-publish","format-standard","has-post-thumbnail","hentry","category-_pageprincipale"],"gutentor_comment":0,"jetpack_publicize_connections":[],"_links":{"self":[{"href":"https:\/\/www.pbformation.fr\/bernosbeaulacpourtous\/wp-json\/wp\/v2\/posts\/693","targetHints":{"allow":["GET"]}}],"collection":[{"href":"https:\/\/www.pbformation.fr\/bernosbeaulacpourtous\/wp-json\/wp\/v2\/posts"}],"about":[{"href":"https:\/\/www.pbformation.fr\/bernosbeaulacpourtous\/wp-json\/wp\/v2\/types\/post"}],"author":[{"embeddable":true,"href":"https:\/\/www.pbformation.fr\/bernosbeaulacpourtous\/wp-json\/wp\/v2\/users\/1"}],"replies":[{"embeddable":true,"href":"https:\/\/www.pbformation.fr\/bernosbeaulacpourtous\/wp-json\/wp\/v2\/comments?post=693"}],"version-history":[{"count":4,"href":"https:\/\/www.pbformation.fr\/bernosbeaulacpourtous\/wp-json\/wp\/v2\/posts\/693\/revisions"}],"predecessor-version":[{"id":698,"href":"https:\/\/www.pbformation.fr\/bernosbeaulacpourtous\/wp-json\/wp\/v2\/posts\/693\/revisions\/698"}],"wp:featuredmedia":[{"embeddable":true,"href":"https:\/\/www.pbformation.fr\/bernosbeaulacpourtous\/wp-json\/wp\/v2\/media\/694"}],"wp:attachment":[{"href":"https:\/\/www.pbformation.fr\/bernosbeaulacpourtous\/wp-json\/wp\/v2\/media?parent=693"}],"wp:term":[{"taxonomy":"category","embeddable":true,"href":"https:\/\/www.pbformation.fr\/bernosbeaulacpourtous\/wp-json\/wp\/v2\/categories?post=693"},{"taxonomy":"post_tag","embeddable":true,"href":"https:\/\/www.pbformation.fr\/bernosbeaulacpourtous\/wp-json\/wp\/v2\/tags?post=693"}],"curies":[{"name":"wp","href":"https:\/\/api.w.org\/{rel}","templated":true}]}}