{"id":579,"date":"2026-02-08T18:29:48","date_gmt":"2026-02-08T17:29:48","guid":{"rendered":"https:\/\/www.pbformation.fr\/bernosbeaulacpourtous\/?p=579"},"modified":"2026-02-09T09:14:30","modified_gmt":"2026-02-09T08:14:30","slug":"droits-et-devoirs-en-campagne-electorale-episode-2","status":"publish","type":"post","link":"https:\/\/www.pbformation.fr\/bernosbeaulacpourtous\/2026\/02\/08\/droits-et-devoirs-en-campagne-electorale-episode-2\/","title":{"rendered":"Droits et devoirs en campagne \u00e9lectorale, \u00e9pisode 2"},"content":{"rendered":"\n<h2 class=\"wp-block-heading\">Pr\u00eat d&rsquo;une salle municipale oui ou non ?<\/h2>\n\n\n\n<div id=\"wp-block-themeisle-blocks-accordion-a929faa2\" class=\"wp-block-themeisle-blocks-accordion exclusive\">\n<details class=\"wp-block-themeisle-blocks-accordion-item\"><summary class=\"wp-block-themeisle-blocks-accordion-item__title\"><div><strong>Introduction<\/strong><\/div><\/summary><div class=\"wp-block-themeisle-blocks-accordion-item__content\">\n<p>En tant que candidat ou membre d\u2019une liste aux \u00e9lections municipales, celui-ci \u00e0 tout a fait le droit de demander \u00e0 utiliser une salle communale pour organiser une r\u00e9union publique. Voici les points cl\u00e9s \u00e0 conna\u00eetre.<\/p>\n<\/div><\/details>\n\n\n\n<details class=\"wp-block-themeisle-blocks-accordion-item\"><summary class=\"wp-block-themeisle-blocks-accordion-item__title\"><div><strong><strong>Acc\u00e8s aux salles communales<\/strong><\/strong><\/div><\/summary><div class=\"wp-block-themeisle-blocks-accordion-item__content\">\n<ul class=\"wp-block-list\">\n<li><strong>Principe d\u2019\u00e9galit\u00e9<\/strong> : La commune doit garantir un acc\u00e8s \u00e9quitable \u00e0 ses salles pour tous les candidats, sans discrimination.<\/li>\n\n\n\n<li><strong>Demande officielle<\/strong> : Il est recommand\u00e9 d\u2019adresser une demande \u00e9crite (mail ou courrier) \u00e0 la mairie, en pr\u00e9cisant la date, l\u2019horaire, et l\u2019objet de la r\u00e9union.<\/li>\n\n\n\n<li><strong>Neutralit\u00e9<\/strong> : La mairie ne peut pas refuser une demande sous pr\u00e9texte de soutien \u00e0 une autre liste, mais elle peut appliquer des r\u00e8gles d\u2019usage (disponibilit\u00e9, s\u00e9curit\u00e9, etc.).<\/li>\n<\/ul>\n<\/div><\/details>\n\n\n\n<details class=\"wp-block-themeisle-blocks-accordion-item\"><summary class=\"wp-block-themeisle-blocks-accordion-item__title\"><div><strong><strong><strong>Conditions \u00e0 respecter<\/strong><\/strong><\/strong><\/div><\/summary><div class=\"wp-block-themeisle-blocks-accordion-item__content\">\n<ul class=\"wp-block-list\">\n<li><strong>Gratuit\u00e9 ou tarif<\/strong> : Certaines communes mettent les salles \u00e0 disposition gratuitement pour les candidats, d\u2019autres appliquent un tarif (souvent r\u00e9duit).<\/li>\n\n\n\n<li><strong>Respect des r\u00e8gles<\/strong> : Il faut respecter les horaires, la capacit\u00e9 d\u2019accueil, et les \u00e9ventuelles consignes (nettoyage, assurance, etc.).<\/li>\n\n\n\n<li><strong>Communication<\/strong> : Vous pouvez annoncer la r\u00e9union (affiches, r\u00e9seaux sociaux), mais en respectant les r\u00e8gles de propagande \u00e9lectorale (pas d\u2019affichage sauvage, par exemple).<\/li>\n<\/ul>\n<\/div><\/details>\n\n\n\n<details class=\"wp-block-themeisle-blocks-accordion-item\"><summary class=\"wp-block-themeisle-blocks-accordion-item__title\"><div><strong><strong><strong>Points de vigilance<\/strong><\/strong><\/strong><\/div><\/summary><div class=\"wp-block-themeisle-blocks-accordion-item__content\">\n<ul class=\"wp-block-list\">\n<li><strong>Neutralit\u00e9 de la mairie<\/strong> : La commune ne doit pas favoriser un candidat ou une liste.<\/li>\n\n\n\n<li><strong>D\u00e9lai de r\u00e9ponse<\/strong> : La mairie doit r\u00e9pondre dans un d\u00e9lai raisonnable (g\u00e9n\u00e9ralement sous 15 jours).<\/li>\n\n\n\n<li><strong>Assurance<\/strong> : Certaines mairies demandent une attestation d\u2019assurance responsabilit\u00e9 civile.<\/li>\n<\/ul>\n<\/div><\/details>\n\n\n\n<details class=\"wp-block-themeisle-blocks-accordion-item\"><summary class=\"wp-block-themeisle-blocks-accordion-item__title\"><div><strong><strong>Sources<\/strong><\/strong><\/div><\/summary><div class=\"wp-block-themeisle-blocks-accordion-item__content\">\n<p><strong>Code \u00e9lectoral fran\u00e7ais<\/strong><\/p>\n\n\n\n<p><strong><strong><strong>Circulaire du Minist\u00e8re de l\u2019Int\u00e9rieur (2020)<\/strong><\/strong><\/strong><\/p>\n\n\n\n<p><strong><strong>Jurisprudence du Conseil d\u2019\u00c9tat<\/strong><\/strong><\/p>\n\n\n\n<p><strong>Guide pratique de l\u2019Association des Maires de France (AMF)<\/strong><\/p>\n\n\n\n<p><strong>Commission Nationale de l\u2019Informatique et des Libert\u00e9s (CNIL)<\/strong><\/p>\n\n\n\n<p><\/p>\n<\/div><\/details>\n<\/div>\n\n\n\n<p><\/p>\n\n\n\n<p><\/p>\n","protected":false},"excerpt":{"rendered":"<p>Pr\u00eat d&rsquo;une salle municipale oui ou non ?<\/p>\n","protected":false},"author":1,"featured_media":486,"comment_status":"closed","ping_status":"open","sticky":false,"template":"","format":"standard","meta":{"_themeisle_gutenberg_block_has_review":false,"footnotes":"","jetpack_publicize_message":"","jetpack_publicize_feature_enabled":true,"jetpack_social_post_already_shared":true,"jetpack_social_options":{"image_generator_settings":{"template":"highway","default_image_id":0,"font":"","enabled":false},"version":2}},"categories":[32],"tags":[],"class_list":["post-579","post","type-post","status-publish","format-standard","has-post-thumbnail","hentry","category-legislation"],"gutentor_comment":1,"jetpack_publicize_connections":[],"_links":{"self":[{"href":"https:\/\/www.pbformation.fr\/bernosbeaulacpourtous\/wp-json\/wp\/v2\/posts\/579","targetHints":{"allow":["GET"]}}],"collection":[{"href":"https:\/\/www.pbformation.fr\/bernosbeaulacpourtous\/wp-json\/wp\/v2\/posts"}],"about":[{"href":"https:\/\/www.pbformation.fr\/bernosbeaulacpourtous\/wp-json\/wp\/v2\/types\/post"}],"author":[{"embeddable":true,"href":"https:\/\/www.pbformation.fr\/bernosbeaulacpourtous\/wp-json\/wp\/v2\/users\/1"}],"replies":[{"embeddable":true,"href":"https:\/\/www.pbformation.fr\/bernosbeaulacpourtous\/wp-json\/wp\/v2\/comments?post=579"}],"version-history":[{"count":2,"href":"https:\/\/www.pbformation.fr\/bernosbeaulacpourtous\/wp-json\/wp\/v2\/posts\/579\/revisions"}],"predecessor-version":[{"id":583,"href":"https:\/\/www.pbformation.fr\/bernosbeaulacpourtous\/wp-json\/wp\/v2\/posts\/579\/revisions\/583"}],"wp:featuredmedia":[{"embeddable":true,"href":"https:\/\/www.pbformation.fr\/bernosbeaulacpourtous\/wp-json\/wp\/v2\/media\/486"}],"wp:attachment":[{"href":"https:\/\/www.pbformation.fr\/bernosbeaulacpourtous\/wp-json\/wp\/v2\/media?parent=579"}],"wp:term":[{"taxonomy":"category","embeddable":true,"href":"https:\/\/www.pbformation.fr\/bernosbeaulacpourtous\/wp-json\/wp\/v2\/categories?post=579"},{"taxonomy":"post_tag","embeddable":true,"href":"https:\/\/www.pbformation.fr\/bernosbeaulacpourtous\/wp-json\/wp\/v2\/tags?post=579"}],"curies":[{"name":"wp","href":"https:\/\/api.w.org\/{rel}","templated":true}]}}