{"id":525,"date":"2026-02-07T10:01:00","date_gmt":"2026-02-07T09:01:00","guid":{"rendered":"https:\/\/www.pbformation.fr\/bernosbeaulacpourtous\/?p=525"},"modified":"2026-02-06T22:26:44","modified_gmt":"2026-02-06T21:26:44","slug":"patrick-bonnet","status":"publish","type":"post","link":"https:\/\/www.pbformation.fr\/bernosbeaulacpourtous\/2026\/02\/07\/patrick-bonnet\/","title":{"rendered":"Patrick BONNET"},"content":{"rendered":"\n<p>D\u00e9couvrez le profil de Patrick BONNET, sp\u00e9cialiste des questions s\u00e9curitaires et repr\u00e9sentant de la commune \u00e0 la commission parc\u00e9llaire intercommunale (d\u00e9fense des droits des Beaulacais concernant la LGV). Allez voir son profil sur <a href=\"https:\/\/bernos-beaulac-village-grandeur-nature.com\/?p=177\">le site web<\/a> ou sur <a href=\"https:\/\/www.facebook.com\/profile.php?id=61586366997924\">facebook<\/a><\/p>\n\n\n\n<p><\/p>\n","protected":false},"excerpt":{"rendered":"<p>D\u00e9couvrez le profil de Patrick BONNET, sp\u00e9cialiste des questions s\u00e9curitaires et repr\u00e9sentant de la commune \u00e0 la commission parc\u00e9llaire intercommunale (d\u00e9fense des droits des Beaulacais concernant la LGV). Allez voir son profil sur le site web ou sur facebook<\/p>\n","protected":false},"author":1,"featured_media":526,"comment_status":"closed","ping_status":"open","sticky":false,"template":"","format":"standard","meta":{"_themeisle_gutenberg_block_has_review":false,"footnotes":"","jetpack_publicize_message":"","jetpack_publicize_feature_enabled":true,"jetpack_social_post_already_shared":true,"jetpack_social_options":{"image_generator_settings":{"template":"highway","default_image_id":0,"font":"","enabled":false},"version":2}},"categories":[11,24],"tags":[],"class_list":["post-525","post","type-post","status-publish","format-standard","has-post-thumbnail","hentry","category-_pageprincipale","category-equipe2026"],"gutentor_comment":0,"jetpack_publicize_connections":[],"_links":{"self":[{"href":"https:\/\/www.pbformation.fr\/bernosbeaulacpourtous\/wp-json\/wp\/v2\/posts\/525","targetHints":{"allow":["GET"]}}],"collection":[{"href":"https:\/\/www.pbformation.fr\/bernosbeaulacpourtous\/wp-json\/wp\/v2\/posts"}],"about":[{"href":"https:\/\/www.pbformation.fr\/bernosbeaulacpourtous\/wp-json\/wp\/v2\/types\/post"}],"author":[{"embeddable":true,"href":"https:\/\/www.pbformation.fr\/bernosbeaulacpourtous\/wp-json\/wp\/v2\/users\/1"}],"replies":[{"embeddable":true,"href":"https:\/\/www.pbformation.fr\/bernosbeaulacpourtous\/wp-json\/wp\/v2\/comments?post=525"}],"version-history":[{"count":1,"href":"https:\/\/www.pbformation.fr\/bernosbeaulacpourtous\/wp-json\/wp\/v2\/posts\/525\/revisions"}],"predecessor-version":[{"id":527,"href":"https:\/\/www.pbformation.fr\/bernosbeaulacpourtous\/wp-json\/wp\/v2\/posts\/525\/revisions\/527"}],"wp:featuredmedia":[{"embeddable":true,"href":"https:\/\/www.pbformation.fr\/bernosbeaulacpourtous\/wp-json\/wp\/v2\/media\/526"}],"wp:attachment":[{"href":"https:\/\/www.pbformation.fr\/bernosbeaulacpourtous\/wp-json\/wp\/v2\/media?parent=525"}],"wp:term":[{"taxonomy":"category","embeddable":true,"href":"https:\/\/www.pbformation.fr\/bernosbeaulacpourtous\/wp-json\/wp\/v2\/categories?post=525"},{"taxonomy":"post_tag","embeddable":true,"href":"https:\/\/www.pbformation.fr\/bernosbeaulacpourtous\/wp-json\/wp\/v2\/tags?post=525"}],"curies":[{"name":"wp","href":"https:\/\/api.w.org\/{rel}","templated":true}]}}