{"id":485,"date":"2026-02-05T12:00:00","date_gmt":"2026-02-05T11:00:00","guid":{"rendered":"https:\/\/www.pbformation.fr\/bernosbeaulacpourtous\/?p=485"},"modified":"2026-02-08T18:35:50","modified_gmt":"2026-02-08T17:35:50","slug":"droits-et-devoirs-en-campagne-electorale-episode-1","status":"publish","type":"post","link":"https:\/\/www.pbformation.fr\/bernosbeaulacpourtous\/2026\/02\/05\/droits-et-devoirs-en-campagne-electorale-episode-1\/","title":{"rendered":"Droits et devoirs en campagne \u00e9lectorale, \u00e9pisode 1"},"content":{"rendered":"\n<h2 class=\"wp-block-heading\">Faire le bilan de la mandature pass\u00e9e oui ou non ?<\/h2>\n\n\n\n<div id=\"wp-block-themeisle-blocks-accordion-a929faa2\" class=\"wp-block-themeisle-blocks-accordion exclusive\">\n<details class=\"wp-block-themeisle-blocks-accordion-item\"><summary class=\"wp-block-themeisle-blocks-accordion-item__title\"><div><strong>Introduction<\/strong><\/div><\/summary><div class=\"wp-block-themeisle-blocks-accordion-item__content\">\n<p>En France, la cr\u00e9ation d\u2019un <strong>bilan de mandature<\/strong> sur un site internet priv\u00e9 avant le d\u00e9but officiel d\u2019une campagne \u00e9lectorale est g\u00e9n\u00e9ralement <strong>autoris\u00e9e<\/strong>, mais elle est soumise \u00e0 plusieurs r\u00e8gles juridiques et d\u00e9ontologiques, notamment en mati\u00e8re de <strong>propagande \u00e9lectorale<\/strong>, de <strong>neutralit\u00e9 du service public<\/strong>, et de <strong>financement de la vie politique<\/strong>.<\/p>\n<\/div><\/details>\n\n\n\n<details class=\"wp-block-themeisle-blocks-accordion-item\"><summary class=\"wp-block-themeisle-blocks-accordion-item__title\"><div><strong>Cadre l\u00e9gal g\u00e9n\u00e9ral<\/strong><\/div><\/summary><div class=\"wp-block-themeisle-blocks-accordion-item__content\">\n<ul class=\"wp-block-list\">\n<li><strong>Libert\u00e9 d\u2019expression<\/strong> : Vous avez le droit de publier un bilan sur un site priv\u00e9, \u00e0 condition de respecter les lois sur la diffamation, l\u2019injure, et la vie priv\u00e9e.<\/li>\n<\/ul>\n\n\n\n<ul class=\"wp-block-list\">\n<li><strong>Neutralit\u00e9 du service public<\/strong> : Si vous \u00eates un \u00e9lu ou un agent public, assurez-vous que le site ne soit pas h\u00e9berg\u00e9 ou financ\u00e9 par des fonds publics, et qu\u2019il ne donne pas l\u2019impression d\u2019utiliser des ressources publiques \u00e0 des fins personnelles ou \u00e9lectorales.<\/li>\n<\/ul>\n\n\n\n<ul class=\"wp-block-list\">\n<li><strong>Propagande \u00e9lectorale<\/strong> : Avant le d\u00e9but officiel de la campagne (fix\u00e9 par le code \u00e9lectoral), la propagande \u00e9lectorale est interdite. Un bilan factuel et informatif est tol\u00e9r\u00e9, mais il ne doit pas \u00eatre per\u00e7u comme une campagne d\u00e9guis\u00e9e (pas d\u2019appel au vote, pas de slogans \u00e9lectoraux, pas de comparaison avec d\u2019\u00e9ventuels adversaires).<\/li>\n<\/ul>\n<\/div><\/details>\n\n\n\n<details class=\"wp-block-themeisle-blocks-accordion-item\"><summary class=\"wp-block-themeisle-blocks-accordion-item__title\"><div><strong><strong>Recommandations pratiques<\/strong><\/strong><\/div><\/summary><div class=\"wp-block-themeisle-blocks-accordion-item__content\">\n<p><strong>Mentions l\u00e9gales<\/strong> : Indiquez clairement que le site est ind\u00e9pendant et priv\u00e9. Mentionnez l\u2019\u00e9diteur, l\u2019h\u00e9bergeur, et respectez le RGPD pour les donn\u00e9es personnelles.<\/p>\n\n\n\n<p><strong>Contenu<\/strong> : Privil\u00e9giez un ton <strong>factuel et informatif<\/strong> (r\u00e9alisations, chiffres, projets men\u00e9s). \u00c9vitez les promesses ou les critiques directes envers d\u2019autres candidats.<\/p>\n<\/div><\/details>\n\n\n\n<details class=\"wp-block-themeisle-blocks-accordion-item\"><summary class=\"wp-block-themeisle-blocks-accordion-item__title\"><div><strong><strong>Sources<\/strong><\/strong><\/div><\/summary><div class=\"wp-block-themeisle-blocks-accordion-item__content\">\n<p><strong>Code \u00e9lectoral fran\u00e7ais<\/strong><\/p>\n\n\n\n<p><strong>Jurisprudence et avis de la CNCCFP (Commission nationale des comptes de campagne et des financements politiques)<\/strong><\/p>\n\n\n\n<p><strong>Fiches de la Pr\u00e9fecture<\/strong><\/p>\n<\/div><\/details>\n<\/div>\n\n\n\n<p><\/p>\n\n\n\n<p><\/p>\n","protected":false},"excerpt":{"rendered":"<p>Faire le bilan de la mandature pass\u00e9e oui ou non ?<\/p>\n","protected":false},"author":1,"featured_media":486,"comment_status":"closed","ping_status":"open","sticky":false,"template":"","format":"standard","meta":{"_themeisle_gutenberg_block_has_review":false,"footnotes":"","jetpack_publicize_message":"","jetpack_publicize_feature_enabled":true,"jetpack_social_post_already_shared":true,"jetpack_social_options":{"image_generator_settings":{"template":"highway","default_image_id":0,"font":"","enabled":false},"version":2}},"categories":[32],"tags":[],"class_list":["post-485","post","type-post","status-publish","format-standard","has-post-thumbnail","hentry","category-legislation"],"gutentor_comment":1,"jetpack_publicize_connections":[],"_links":{"self":[{"href":"https:\/\/www.pbformation.fr\/bernosbeaulacpourtous\/wp-json\/wp\/v2\/posts\/485","targetHints":{"allow":["GET"]}}],"collection":[{"href":"https:\/\/www.pbformation.fr\/bernosbeaulacpourtous\/wp-json\/wp\/v2\/posts"}],"about":[{"href":"https:\/\/www.pbformation.fr\/bernosbeaulacpourtous\/wp-json\/wp\/v2\/types\/post"}],"author":[{"embeddable":true,"href":"https:\/\/www.pbformation.fr\/bernosbeaulacpourtous\/wp-json\/wp\/v2\/users\/1"}],"replies":[{"embeddable":true,"href":"https:\/\/www.pbformation.fr\/bernosbeaulacpourtous\/wp-json\/wp\/v2\/comments?post=485"}],"version-history":[{"count":2,"href":"https:\/\/www.pbformation.fr\/bernosbeaulacpourtous\/wp-json\/wp\/v2\/posts\/485\/revisions"}],"predecessor-version":[{"id":511,"href":"https:\/\/www.pbformation.fr\/bernosbeaulacpourtous\/wp-json\/wp\/v2\/posts\/485\/revisions\/511"}],"wp:featuredmedia":[{"embeddable":true,"href":"https:\/\/www.pbformation.fr\/bernosbeaulacpourtous\/wp-json\/wp\/v2\/media\/486"}],"wp:attachment":[{"href":"https:\/\/www.pbformation.fr\/bernosbeaulacpourtous\/wp-json\/wp\/v2\/media?parent=485"}],"wp:term":[{"taxonomy":"category","embeddable":true,"href":"https:\/\/www.pbformation.fr\/bernosbeaulacpourtous\/wp-json\/wp\/v2\/categories?post=485"},{"taxonomy":"post_tag","embeddable":true,"href":"https:\/\/www.pbformation.fr\/bernosbeaulacpourtous\/wp-json\/wp\/v2\/tags?post=485"}],"curies":[{"name":"wp","href":"https:\/\/api.w.org\/{rel}","templated":true}]}}