{"id":373,"date":"2026-01-28T20:00:00","date_gmt":"2026-01-28T19:00:00","guid":{"rendered":"https:\/\/www.pbformation.fr\/bernosbeaulacpourtous\/?p=373"},"modified":"2026-01-31T19:53:10","modified_gmt":"2026-01-31T18:53:10","slug":"bernos-beaulac-notre-village-grandeur-nature","status":"publish","type":"post","link":"https:\/\/www.pbformation.fr\/bernosbeaulacpourtous\/2026\/01\/28\/bernos-beaulac-notre-village-grandeur-nature\/","title":{"rendered":"Bernos Beaulac Notre Village Grandeur Nature"},"content":{"rendered":"\n<p>En 2020, vous avez connu la liste Bernos-Beaulac pour tous, pleine d&rsquo;enthousiasme et d&rsquo;ambitions au profit de toutes les Beaulacaises et tous les Beaulacais. Tous les projets annonc\u00e9s lors de la r\u00e9union publique ont \u00e9t\u00e9 r\u00e9alis\u00e9s dans un laps de temps plus court que pr\u00e9vu suite aux diff\u00e9rents confinements que nous avons subits. Tout ce qui a \u00e9t\u00e9 annonc\u00e9 sur la profession de foi a \u00e9galement \u00e9t\u00e9 r\u00e9alis\u00e9 et bien plus encore.<\/p>\n\n\n\n<p>Aujourd&rsquo;hui, c&rsquo;est une liste renouvel\u00e9e qui se pr\u00e9sentera aux futures \u00e9lections municipales. Pleine d&rsquo;enthousiasme, d&rsquo;id\u00e9es et de projets divers pour le bien de toutes et tous.<\/p>\n\n\n\n<p>Nous n\u2019en dirons pas plus \u00e0 ce jour mais vous d\u00e9couvrirez gr\u00e2ce au site facebook de la nouvelle \u00e9quipe tout ce que nous avons pr\u00e9vu pour notre commune.<\/p>\n\n\n\n<p>Abonnez vous et suivez  <a href=\"https:\/\/www.facebook.com\/profile.php?id=61586366997924\">Bernos-Beaulac, notre village grandeur nature.<\/a><\/p>\n\n\n\n<p><\/p>\n","protected":false},"excerpt":{"rendered":"<p>En 2020, vous avez connu la liste Bernos-Beaulac pour tous, pleine d&rsquo;enthousiasme et d&rsquo;ambitions au profit de toutes les Beaulacaises et tous les Beaulacais. Tous les projets annonc\u00e9s lors de la r\u00e9union publique ont \u00e9t\u00e9 r\u00e9alis\u00e9s dans un laps de temps plus court que pr\u00e9vu suite aux diff\u00e9rents confinements que [&hellip;]<\/p>\n","protected":false},"author":1,"featured_media":374,"comment_status":"closed","ping_status":"open","sticky":false,"template":"","format":"standard","meta":{"_themeisle_gutenberg_block_has_review":false,"footnotes":"","jetpack_publicize_message":"","jetpack_publicize_feature_enabled":true,"jetpack_social_post_already_shared":true,"jetpack_social_options":{"image_generator_settings":{"template":"highway","default_image_id":0,"font":"","enabled":false},"version":2}},"categories":[1],"tags":[],"class_list":["post-373","post","type-post","status-publish","format-standard","has-post-thumbnail","hentry","category-non-classe"],"gutentor_comment":0,"jetpack_publicize_connections":[],"_links":{"self":[{"href":"https:\/\/www.pbformation.fr\/bernosbeaulacpourtous\/wp-json\/wp\/v2\/posts\/373","targetHints":{"allow":["GET"]}}],"collection":[{"href":"https:\/\/www.pbformation.fr\/bernosbeaulacpourtous\/wp-json\/wp\/v2\/posts"}],"about":[{"href":"https:\/\/www.pbformation.fr\/bernosbeaulacpourtous\/wp-json\/wp\/v2\/types\/post"}],"author":[{"embeddable":true,"href":"https:\/\/www.pbformation.fr\/bernosbeaulacpourtous\/wp-json\/wp\/v2\/users\/1"}],"replies":[{"embeddable":true,"href":"https:\/\/www.pbformation.fr\/bernosbeaulacpourtous\/wp-json\/wp\/v2\/comments?post=373"}],"version-history":[{"count":2,"href":"https:\/\/www.pbformation.fr\/bernosbeaulacpourtous\/wp-json\/wp\/v2\/posts\/373\/revisions"}],"predecessor-version":[{"id":376,"href":"https:\/\/www.pbformation.fr\/bernosbeaulacpourtous\/wp-json\/wp\/v2\/posts\/373\/revisions\/376"}],"wp:featuredmedia":[{"embeddable":true,"href":"https:\/\/www.pbformation.fr\/bernosbeaulacpourtous\/wp-json\/wp\/v2\/media\/374"}],"wp:attachment":[{"href":"https:\/\/www.pbformation.fr\/bernosbeaulacpourtous\/wp-json\/wp\/v2\/media?parent=373"}],"wp:term":[{"taxonomy":"category","embeddable":true,"href":"https:\/\/www.pbformation.fr\/bernosbeaulacpourtous\/wp-json\/wp\/v2\/categories?post=373"},{"taxonomy":"post_tag","embeddable":true,"href":"https:\/\/www.pbformation.fr\/bernosbeaulacpourtous\/wp-json\/wp\/v2\/tags?post=373"}],"curies":[{"name":"wp","href":"https:\/\/api.w.org\/{rel}","templated":true}]}}