{"id":371,"date":"2026-02-12T18:00:00","date_gmt":"2026-02-12T17:00:00","guid":{"rendered":"https:\/\/www.pbformation.fr\/bernosbeaulacpourtous\/?p=371"},"modified":"2026-02-10T16:35:24","modified_gmt":"2026-02-10T15:35:24","slug":"la-fibre-a-bernos-beaulac","status":"publish","type":"post","link":"https:\/\/www.pbformation.fr\/bernosbeaulacpourtous\/2026\/02\/12\/la-fibre-a-bernos-beaulac\/","title":{"rendered":"La fibre \u00e0 Bernos-Beaulac"},"content":{"rendered":"\n<p>L&rsquo;installation de la fibre dans notre commune a pris du temps, mais le d\u00e9partement et ses prestataires sont presque venus \u00e0 bout. Le d\u00e9partement revendique 100% de prises install\u00e9es mais il doit bien y en avoir encore quelques unes en cours de branchement. En tout \u00e9tat de cause, ce d\u00e9partement doit avoir le meilleurs pourcentage de foyers fibr\u00e9s, il faut le reconnaitre.<\/p>\n\n\n\n<p>La Mairie ainsi que l&rsquo;\u00e9cole de Bernos-Beaulac sont \u00e9galement \u00e9quip\u00e9s permettant un acc\u00e8s \u00e0 internet beaucoup plus rapide et productif. Les sites web des services de l&rsquo;\u00e9tat sont accessibles plus facilement et le d\u00e9p\u00f4t de dossier parfois de plus de 100Mo se font en une fraction de seconde \u00e0 la place de quelques minutes en ADSL.<\/p>\n\n\n\n<p>L&rsquo;\u00e9cole a vu son mat\u00e9riel r\u00e9seau \u00e9volu\u00e9 \u00e9galement, routeur, switch et points d&rsquo;acc\u00e8s wifi ont \u00e9t\u00e9 chang\u00e9s pour profiter des capacit\u00e9s de la fibre. Cela permet aux enseignants et aux enfants d&rsquo;acc\u00e9der \u00e0 internet sans probl\u00e8me, rapidement et en toute s\u00e9curit\u00e9.<\/p>\n\n\n\n<p><\/p>\n","protected":false},"excerpt":{"rendered":"<p>L&rsquo;installation de la fibre dans notre commune a pris du temps, mais le d\u00e9partement et ses prestataires sont presque venus \u00e0 bout. Le d\u00e9partement revendique 100% de prises install\u00e9es mais il doit bien y en avoir encore quelques unes en cours de branchement. En tout \u00e9tat de cause, ce d\u00e9partement [&hellip;]<\/p>\n","protected":false},"author":1,"featured_media":642,"comment_status":"closed","ping_status":"open","sticky":false,"template":"","format":"standard","meta":{"_themeisle_gutenberg_block_has_review":false,"footnotes":"","jetpack_publicize_message":"","jetpack_publicize_feature_enabled":true,"jetpack_social_post_already_shared":true,"jetpack_social_options":{"image_generator_settings":{"template":"highway","default_image_id":0,"font":"","enabled":false},"version":2}},"categories":[11,4],"tags":[],"class_list":["post-371","post","type-post","status-publish","format-standard","has-post-thumbnail","hentry","category-_pageprincipale","category-projets"],"gutentor_comment":0,"jetpack_publicize_connections":[],"_links":{"self":[{"href":"https:\/\/www.pbformation.fr\/bernosbeaulacpourtous\/wp-json\/wp\/v2\/posts\/371","targetHints":{"allow":["GET"]}}],"collection":[{"href":"https:\/\/www.pbformation.fr\/bernosbeaulacpourtous\/wp-json\/wp\/v2\/posts"}],"about":[{"href":"https:\/\/www.pbformation.fr\/bernosbeaulacpourtous\/wp-json\/wp\/v2\/types\/post"}],"author":[{"embeddable":true,"href":"https:\/\/www.pbformation.fr\/bernosbeaulacpourtous\/wp-json\/wp\/v2\/users\/1"}],"replies":[{"embeddable":true,"href":"https:\/\/www.pbformation.fr\/bernosbeaulacpourtous\/wp-json\/wp\/v2\/comments?post=371"}],"version-history":[{"count":4,"href":"https:\/\/www.pbformation.fr\/bernosbeaulacpourtous\/wp-json\/wp\/v2\/posts\/371\/revisions"}],"predecessor-version":[{"id":644,"href":"https:\/\/www.pbformation.fr\/bernosbeaulacpourtous\/wp-json\/wp\/v2\/posts\/371\/revisions\/644"}],"wp:featuredmedia":[{"embeddable":true,"href":"https:\/\/www.pbformation.fr\/bernosbeaulacpourtous\/wp-json\/wp\/v2\/media\/642"}],"wp:attachment":[{"href":"https:\/\/www.pbformation.fr\/bernosbeaulacpourtous\/wp-json\/wp\/v2\/media?parent=371"}],"wp:term":[{"taxonomy":"category","embeddable":true,"href":"https:\/\/www.pbformation.fr\/bernosbeaulacpourtous\/wp-json\/wp\/v2\/categories?post=371"},{"taxonomy":"post_tag","embeddable":true,"href":"https:\/\/www.pbformation.fr\/bernosbeaulacpourtous\/wp-json\/wp\/v2\/tags?post=371"}],"curies":[{"name":"wp","href":"https:\/\/api.w.org\/{rel}","templated":true}]}}