{"id":139,"date":"2026-01-27T20:00:00","date_gmt":"2026-01-27T19:00:00","guid":{"rendered":"https:\/\/www.pbformation.fr\/bernosbeaulacpourtous\/?p=139"},"modified":"2026-01-27T13:25:41","modified_gmt":"2026-01-27T12:25:41","slug":"installation-de-panneaux-photovoltaiques","status":"publish","type":"post","link":"https:\/\/www.pbformation.fr\/bernosbeaulacpourtous\/2026\/01\/27\/installation-de-panneaux-photovoltaiques\/","title":{"rendered":"Installation de panneaux photovolta\u00efques"},"content":{"rendered":"\n<h2 class=\"wp-block-heading\"><\/h2>\n\n\n\n<h1 class=\"wp-block-heading\"><strong>Bernos-Beaulac s\u2019engage dans la transition \u00e9nerg\u00e9tique<\/strong><\/h1>\n\n\n\n<div class=\"wp-block-columns is-layout-flex wp-container-core-columns-is-layout-28f84493 wp-block-columns-is-layout-flex\">\n<div class=\"wp-block-column is-layout-flow wp-block-column-is-layout-flow\" style=\"flex-basis:33.33%\"><ul class=\"filebird-block-filebird-gallery wp-block-gallery blocks-gallery-grid columns-3 is-cropped\" style=\"--columns: 3;--space: 0px;--min-width: 0px;\"><li class=\"blocks-gallery-item\"><figure><img loading=\"lazy\" decoding=\"async\" width=\"2560\" height=\"1444\" src=\"https:\/\/www.pbformation.fr\/bernosbeaulacpourtous\/wp-content\/uploads\/2026\/01\/DSCF0965-scaled.jpg\" alt=\"DSCF0965\" class=\"wp-image-312\" srcset=\"https:\/\/www.pbformation.fr\/bernosbeaulacpourtous\/wp-content\/uploads\/2026\/01\/DSCF0965-scaled.jpg 2560w, https:\/\/www.pbformation.fr\/bernosbeaulacpourtous\/wp-content\/uploads\/2026\/01\/DSCF0965-300x169.jpg 300w, https:\/\/www.pbformation.fr\/bernosbeaulacpourtous\/wp-content\/uploads\/2026\/01\/DSCF0965-1024x578.jpg 1024w, https:\/\/www.pbformation.fr\/bernosbeaulacpourtous\/wp-content\/uploads\/2026\/01\/DSCF0965-768x433.jpg 768w, https:\/\/www.pbformation.fr\/bernosbeaulacpourtous\/wp-content\/uploads\/2026\/01\/DSCF0965-1536x866.jpg 1536w, https:\/\/www.pbformation.fr\/bernosbeaulacpourtous\/wp-content\/uploads\/2026\/01\/DSCF0965-2048x1155.jpg 2048w\" sizes=\"auto, (max-width: 2560px) 100vw, 2560px\" \/><\/figure><\/li><\/ul><\/div>\n\n\n\n<div class=\"wp-block-column is-layout-flow wp-block-column-is-layout-flow\" style=\"flex-basis:66.66%\">\n<p><strong><em>Le photovolta\u00efque et l\u2019autoconsommation collective au service de la commune<\/em><\/strong><\/p>\n\n\n\n<h2 class=\"wp-block-heading\"><strong>1. Le photovolta\u00efque : une \u00e9nergie propre et locale<\/strong><\/h2>\n\n\n\n<h3 class=\"wp-block-heading\"><strong>Comment \u00e7a marche ?<\/strong><\/h3>\n\n\n\n<p>Le photovolta\u00efque est une technologie qui transforme la lumi\u00e8re du soleil en \u00e9lectricit\u00e9 gr\u00e2ce \u00e0 des panneaux solaires. Ces panneaux, compos\u00e9s de cellules en silicium, captent les photons solaires et g\u00e9n\u00e8rent un courant \u00e9lectrique continu. Un onduleur convertit ensuite ce courant en \u00e9lectricit\u00e9 utilisable par les b\u00e2timents.<\/p>\n\n\n\n<p>Pourquoi choisir le solaire ?<br>&#8211; \u00c9nergie renouvelable : In\u00e9puisable et respectueuse de l\u2019environnement.<br>&#8211; Faible entretien : Les installations ont une dur\u00e9e de vie de 25 \u00e0 30 ans.<br>&#8211; Adaptabilit\u00e9 : Les panneaux peuvent \u00eatre install\u00e9s sur des toitures, des parkings ou des friches, sans artificialiser de nouveaux sols.<\/p>\n\n\n\n<h2 class=\"wp-block-heading\"><strong>2. Bernos-Beaulac : une commune engag\u00e9e pour l\u2019environnement et l\u2019\u00e9conomie locale<\/strong><\/h2>\n\n\n\n<h3 class=\"wp-block-heading\"><strong>Une politique environnementale ambitieuse<\/strong><\/h3>\n\n\n\n<p>Notre commune a fait de la protection de l\u2019environnement une priorit\u00e9. Elle s\u2019est fix\u00e9e des objectifs clairs :<br>&#8211; R\u00e9duire son empreinte carbone en d\u00e9veloppant les \u00e9nergies renouvelables.<br>&#8211; Pr\u00e9server la biodiversit\u00e9 en limitant l\u2019\u00e9talement urbain et en valorisant les espaces existants.<br><\/p>\n\n\n\n<h3 class=\"wp-block-heading\"><strong>L\u2019\u00e9cologie, un levier pour l\u2019\u00e9conomie locale<\/strong><\/h3>\n\n\n\n<p>Pour Bernos-Beaulac, la transition \u00e9nerg\u00e9tique est aussi une opportunit\u00e9 \u00e9conomique :<br>&#8211; Attractivit\u00e9 du territoire : Une commune engag\u00e9e dans le d\u00e9veloppement durable attire de nouveaux habitants, entreprises et touristes.<br>&#8211; Ma\u00eetrise des co\u00fbts : Produire sa propre \u00e9lectricit\u00e9 permet de stabiliser les d\u00e9penses \u00e9nerg\u00e9tiques et de r\u00e9investir les \u00e9conomies dans d\u2019autres projets (\u00e9coles, \u00e9quipements sportifs, culture).<br>&#8211; Valorisation du patrimoine : Les b\u00e2timents publics \u00e9quip\u00e9s de panneaux solaires deviennent des symboles de l\u2019innovation et du dynamisme communal.<\/p>\n\n\n\n<h2 class=\"wp-block-heading\"><strong>3. Le projet photovolta\u00efque de 2025 : 18 kWh pour une commune plus autonome<\/strong><\/h2>\n\n\n\n<h3 class=\"wp-block-heading\"><strong>Un projet concret et ambitieux<\/strong><\/h3>\n\n\n\n<p>En 2025, Bernos-Beaulac a lanc\u00e9 l\u2019installation de panneaux solaires sur les toitures de sa cuisine centrale, lieu optimis\u00e9 pour la captation des rayons solaires. Ce projet permet de produire jusqu\u2019\u00e0 18 kWh d\u2019\u00e9lectricit\u00e9, couvrant une partie significative des besoins \u00e9nerg\u00e9tiques de la cuisine centrale et de l\u2019\u00e9cole connect\u00e9es sur le m\u00eame compteur.<\/p>\n\n\n\n<p>La pollution g\u00e9n\u00e9r\u00e9e par la fabrication et le transport des panneaux photovolta\u00efques choisis par la commune sont en tr\u00e8s grande partie compens\u00e9es par la plantation d\u2019arbres.<br>Objectifs :<\/p>\n\n\n\n<p>&#8211; Couvrir 50 % des besoins \u00e9lectriques des b\u00e2timents communaux d\u2019ici 2030.<br>&#8211; R\u00e9duire la facture \u00e9nerg\u00e9tique de la commune et g\u00e9n\u00e9rer des revenus gr\u00e2ce \u00e0 la revente du surplus d\u2019\u00e9lectricit\u00e9.<br><\/p>\n\n\n\n<h2 class=\"wp-block-heading\"><strong>4. L\u2019autoconsommation collective : une obligation l\u00e9gale et une solution intelligente<\/strong><\/h2>\n\n\n\n<h3 class=\"wp-block-heading\"><strong>Un cadre l\u00e9gal incitatif<\/strong><\/h3>\n\n\n\n<p>Depuis la loi \u00c9nergie-Climat de 2019 et le d\u00e9cret tertiaire, les b\u00e2timents publics ont l\u2019obligation de r\u00e9duire leur consommation \u00e9nerg\u00e9tique :<br>&#8211; 40 % d\u2019ici 2030<br>&#8211; 50 % d\u2019ici 2040<br>&#8211; 60 % d\u2019ici 2050<\/p>\n\n\n\n<p>L\u2019autoconsommation collective est une r\u00e9ponse concr\u00e8te \u00e0 ces exigences. Elle permet \u00e0 plusieurs b\u00e2timents de partager l\u2019\u00e9lectricit\u00e9 produite localement, sans passer par le r\u00e9seau national.<\/p>\n\n\n\n<h3 class=\"wp-block-heading\"><strong>Comment \u00e7a marche \u00e0 Bernos-Beaulac ?<\/strong><\/h3>\n\n\n\n<p>&#8211; Un p\u00e9rim\u00e8tre g\u00e9ographique limit\u00e9 : Les b\u00e2timents participants (mairie, \u00e9coles, et autres b\u00e2timents publics) doivent \u00eatre situ\u00e9s \u00e0 moins de 2 km des panneaux solaires.<br>&#8211; Un partage \u00e9quitable : L\u2019\u00e9lectricit\u00e9 est r\u00e9partie en fonction des besoins r\u00e9els de chaque b\u00e2timent, avec une priorit\u00e9 \u00e0 l\u2019autoconsommation.<br>&#8211; Un surplus valoris\u00e9 : L\u2019\u00e9lectricit\u00e9 non consomm\u00e9e est revendue \u00e0 un fournisseur, g\u00e9n\u00e9rant un revenu pour la commune.<\/p>\n\n\n\n<h3 class=\"wp-block-heading\"><strong>Les \u00e9tapes cl\u00e9s du projet<\/strong><\/h3>\n\n\n\n<p>1. Identification des b\u00e2timents \u00e9ligibles :<br>2. Signature d\u2019une convention d\u2019autoconsommation collective (obligatoire pour d\u00e9finir les modalit\u00e9s de partage).<br>3. Installation des panneaux solaires en mars 2025.<br>4. Suivi et optimisation gr\u00e2ce \u00e0 un syst\u00e8me de monitoring en temps reel (apsystemema.com)<\/p>\n\n\n\n<h3 class=\"wp-block-heading\"><strong>Les b\u00e9n\u00e9fices pour la commune<\/strong><\/h3>\n\n\n\n<p>&#8211; \u00c9conomies financi\u00e8res : Jusqu\u2019\u00e0 20 % de r\u00e9duction sur les factures d\u2019\u00e9lectricit\u00e9.<br>&#8211; Respect des obligations l\u00e9gales : Anticiper les exigences du d\u00e9cret tertiaire et \u00e9viter les p\u00e9nalit\u00e9s.<br>&#8211; Transparence et engagement citoyen : Les habitants pourront suivre la production et la consommation via la publication des donn\u00e9es dans l\u2019Echo du Ciron tous les trimestres.<br><\/p>\n\n\n\n<h2 class=\"wp-block-heading\"><strong>6. Conclusion : Bernos-Beaulac, pionni\u00e8re de la transition \u00e9nerg\u00e9tique<\/strong><\/h2>\n\n\n\n<p>En combinant innovation technologique, respect des obligations l\u00e9gales et dynamisme \u00e9conomique, Bernos-Beaulac montre que les communes rurales peuvent \u00eatre des acteurs cl\u00e9s de la transition \u00e9nerg\u00e9tique. Elle est la 1\u00e8re dans le Bazadais \u00e0 mettre en oeuvre un tel projet qui permettra de :&nbsp;<\/p>\n\n\n\n<ul class=\"wp-block-list\">\n<li>Faire des \u00e9conomies<\/li>\n\n\n\n<li>Prot\u00e9ger l\u2019environnement en r\u00e9duisant les \u00e9missions de CO\u2082.<\/li>\n\n\n\n<li>Stimuler l\u2019\u00e9conomie locale faisant appel \u00e0 un installateur reconnu et local.<\/li>\n<\/ul>\n<\/div>\n<\/div>\n\n\n\n<p><\/p>\n","protected":false},"excerpt":{"rendered":"<p>Bernos-Beaulac s\u2019engage dans la transition \u00e9nerg\u00e9tique Le photovolta\u00efque et l\u2019autoconsommation collective au service de la commune 1. Le photovolta\u00efque : une \u00e9nergie propre et locale Comment \u00e7a marche ? Le photovolta\u00efque est une technologie qui transforme la lumi\u00e8re du soleil en \u00e9lectricit\u00e9 gr\u00e2ce \u00e0 des panneaux solaires. Ces panneaux, compos\u00e9s [&hellip;]<\/p>\n","protected":false},"author":1,"featured_media":312,"comment_status":"closed","ping_status":"open","sticky":false,"template":"","format":"standard","meta":{"_themeisle_gutenberg_block_has_review":false,"footnotes":"","jetpack_publicize_message":"","jetpack_publicize_feature_enabled":true,"jetpack_social_post_already_shared":true,"jetpack_social_options":{"image_generator_settings":{"template":"highway","default_image_id":0,"font":"","enabled":false},"version":2}},"categories":[11,15,14],"tags":[],"class_list":["post-139","post","type-post","status-publish","format-standard","has-post-thumbnail","hentry","category-_pageprincipale","category-citystade","category-environnement"],"gutentor_comment":0,"jetpack_publicize_connections":[],"_links":{"self":[{"href":"https:\/\/www.pbformation.fr\/bernosbeaulacpourtous\/wp-json\/wp\/v2\/posts\/139","targetHints":{"allow":["GET"]}}],"collection":[{"href":"https:\/\/www.pbformation.fr\/bernosbeaulacpourtous\/wp-json\/wp\/v2\/posts"}],"about":[{"href":"https:\/\/www.pbformation.fr\/bernosbeaulacpourtous\/wp-json\/wp\/v2\/types\/post"}],"author":[{"embeddable":true,"href":"https:\/\/www.pbformation.fr\/bernosbeaulacpourtous\/wp-json\/wp\/v2\/users\/1"}],"replies":[{"embeddable":true,"href":"https:\/\/www.pbformation.fr\/bernosbeaulacpourtous\/wp-json\/wp\/v2\/comments?post=139"}],"version-history":[{"count":3,"href":"https:\/\/www.pbformation.fr\/bernosbeaulacpourtous\/wp-json\/wp\/v2\/posts\/139\/revisions"}],"predecessor-version":[{"id":362,"href":"https:\/\/www.pbformation.fr\/bernosbeaulacpourtous\/wp-json\/wp\/v2\/posts\/139\/revisions\/362"}],"wp:featuredmedia":[{"embeddable":true,"href":"https:\/\/www.pbformation.fr\/bernosbeaulacpourtous\/wp-json\/wp\/v2\/media\/312"}],"wp:attachment":[{"href":"https:\/\/www.pbformation.fr\/bernosbeaulacpourtous\/wp-json\/wp\/v2\/media?parent=139"}],"wp:term":[{"taxonomy":"category","embeddable":true,"href":"https:\/\/www.pbformation.fr\/bernosbeaulacpourtous\/wp-json\/wp\/v2\/categories?post=139"},{"taxonomy":"post_tag","embeddable":true,"href":"https:\/\/www.pbformation.fr\/bernosbeaulacpourtous\/wp-json\/wp\/v2\/tags?post=139"}],"curies":[{"name":"wp","href":"https:\/\/api.w.org\/{rel}","templated":true}]}}